{"id":13647,"date":"2022-11-28T09:38:07","date_gmt":"2022-11-28T12:38:07","guid":{"rendered":"http:\/\/dgospel.com.br\/portal\/?p=13647"},"modified":"2022-11-28T09:38:08","modified_gmt":"2022-11-28T12:38:08","slug":"militares-da-reserva-afirmam-que-o-stf-usurpou-as-atribuicoes-do-executivo-e-do-legislativo","status":"publish","type":"post","link":"https:\/\/dgospel.com.br\/portal\/index.php\/2022\/11\/28\/militares-da-reserva-afirmam-que-o-stf-usurpou-as-atribuicoes-do-executivo-e-do-legislativo\/","title":{"rendered":"Militares da reserva afirmam que o STF usurpou as atribui\u00e7\u00f5es do Executivo e do Legislativo"},"content":{"rendered":"\n<p>O Supremo Tribunal Federal (<a href=\"https:\/\/twitter.com\/STF_oficial\" target=\"_blank\" rel=\"noreferrer noopener\"><strong>STF<\/strong><\/a>) imp\u00f4s ao Brasil um regime de exce\u00e7\u00e3o, afirmaram militares da reserva, em carta divulgada no s\u00e1bado 26. Segundo os oficiais, a Corte est\u00e1 ferindo as bases democr\u00e1ticas do pa\u00eds ao usurpar as atribui\u00e7\u00f5es exclusivas do Executivo e do Legislativo.<\/p>\n\n\n\n<p>Os militares citam tamb\u00e9m a forma como os ministros lidaram com as sugest\u00f5es para a melhoria do processo eleitoral, qualificado como \u201csem as condi\u00e7\u00f5es m\u00ednimas que atestem sua seguran\u00e7a, transpar\u00eancia, veracidade, rastreabilidade\u201d.<\/p>\n\n\n\n<p>\u201cInfelizmente, o \u00f3rg\u00e3o que deveria se manifestar de forma t\u00e9cnica e transparente sobre essas e quaisquer outras indaga\u00e7\u00f5es futuras mant\u00e9m-se em sil\u00eancio, ignorando o pedido dos cidad\u00e3os\u201d, diz um trecho. \u201c\u00c9 not\u00f3rio que vivemos uma grave crise institucional, ante a constata\u00e7\u00e3o de que os \u00f3rg\u00e3os da c\u00fapula do Poder Judici\u00e1rio, como o STF e o TSE, v\u00eam sistematicamente se colocando acima das leis e de suas pr\u00f3prias compet\u00eancias, invadindo as atribui\u00e7\u00f5es de outros Poderes, como repetidamente afirmado por doutos juristas.\u201d<\/p>\n\n\n\n<p>Os militares observam que, em virtude desse cen\u00e1rio, \u00e9 natural e justific\u00e1vel que a popula\u00e7\u00e3o brasileira esteja se sentindo \u201cindefesa, intimidada e de m\u00e3os atadas\u201d, pedindo socorro aos militares. A caserna qualifica a si mesma como \u201co amparo para as preocupa\u00e7\u00f5es dos cidad\u00e3os e a solu\u00e7\u00e3o para as suas ang\u00fastias, como sua \u00faltima inst\u00e2ncia\u201d.<\/p>\n\n\n\n<p>O retorno ao Estado de Direito e \u00e0 observ\u00e2ncia dos preceitos constitucionais democr\u00e1ticos, como a liberdade de express\u00e3o, de ideias e de opini\u00f5es, seriam os anseios dos brasileiros neste momento. Os oficiais consideram que a popula\u00e7\u00e3o quer a garantia de que sua vontade, \u201cdemocr\u00e1tica e soberana, seja realizada atrav\u00e9s de elei\u00e7\u00f5es confi\u00e1veis, com processos transparentes, que possam ser auditados e rastreados em todas as etapas\u201d.<\/p>\n\n\n\n<p>Os militares entendem que, continuado o atual quadro pol\u00edtico e institucional, o pa\u00eds corre \u201celevado risco\u201d de ingressar em uma convuls\u00e3o social. \u201cOs antecedentes apresentados anteriormente j\u00e1 indicam, sem sombra de d\u00favidas, que estamos vivendo em um regime de exce\u00e7\u00e3o\u201d, salientaram.<\/p>\n\n\n\n<p>Eles afirmam h\u00e1 potenciais amea\u00e7as \u00e0 seguran\u00e7a nacional no sistema de vota\u00e7\u00e3o brasileiro, \u201cque n\u00e3o podem de forma alguma serem ignoradas\u201d. Pedem ainda que as medidas necess\u00e1rias sejam adotadas pelo STF, para o imediato restabelecimento da lei e da ordem.<\/p>\n\n\n\n<p>\u201c\u00c9 chegada a hora de as autoridades e do povo brasileiro saberem que as For\u00e7as Armadas n\u00e3o aceitar\u00e3o que se tenha um candidato, qualquer que seja ele, com quaisquer d\u00favidas sobre a legitimidade da escolha, livre e soberana da vontade da maioria, tal como preconiza a Constitui\u00e7\u00e3o\u201d, advertem os militares, \u201csob pena de sofrermos uma convuls\u00e3o fratricida, com resultados extremamente nefastos e consequ\u00eancias imprevis\u00edveis para a soberania e para seguran\u00e7a nacional do pa\u00eds\u201d.<\/p>\n\n\n\n<p>Assinam a carta os seguintes militares da reserva:<\/p>\n\n\n\n<p>General de Brigada (Deputado Federal) Elieser Gir\u00e3o Monteiro Filho;<br>Tenente Brigadeiro Adnir Siqueira Viana;<br>Tenente Brigadeiro Ant\u00f4nio Gomes Leite Filho<br>Tenente Brigadeiro Gilberto Burnier;<br>Tenente Brigadeiro Jo\u00e3o Manoel Sandim;<br>Tenente Brigadeiro Neimar Dieguez Barreiro;<br>Tenente Brigadeiro Paulo Roberto Rohrig Britto;<br>Tenente Brigadeiro Ricardo Vieira Machado;<br>Vice Almirante Antonio Carlos Frade Carneiro;<br>Vice Almirante FN Carlos Alfredo Vicente Leit\u00e3o;<br>Major Brigadeiro Cezar Ney Britto de Mello;<br>Major Brigadeiro Eliseu Mendes Barbosa;<br>Major Brigadeiro Hermano Paes Vianna;<br>Major Brigadeiro Jaime Rodrigues Sanchez;<br>Vice Almirante Jos\u00e9 Geraldo Fernandes Nunes;<br>Major Brigadeiro Jos\u00e9 Orlando Bellon;<br>Major Brigadeiro Juvenal de Macedo Filho;<br>Vice Almirante Lucio Franco de S\u00e1 Fernandes;<br>Major Brigadeiro Luiz Antonio Pinto Machado;<br>Major Brigadeiro Nelson Teixeira Pinto;<br>General de Divis\u00e3o Newton \u00c1lvares Breide;<br>Major Brigadeiro Nilson Soilet Carminati;<br>General de Divis\u00e3o S\u00e9rgio Retumba;<br>Major Brigadeiro Telles Ribeiro;<br>Major Brigadeiro Vilmar Gargalhone;<br>Major Brigadeiro Walacir Cheriegate;<br>Major Brigadeiro Washington Campos Machado;<br>Major Brigadeiro Wilmar Terroso Freitas;<br>Brigadeiro Alemander Jesus Pereira Filho;<br>Brigadeiro Ayrton Duque Estrada Seraphim;<br>Brigadeiro Carlos Eduardo da Costa Monteiro;<br>Contra Almirante Carlos Frederico Vasconcellos da Silva;<br>Brigadeiro Carlos Geraldo dos Santos Porto;<br>Contra Almirante Cesar Sidonio Daiha Moreira de Souza;<br>Brigadeiro Eliezer Negri;<br>Contra Almirante IM Jamil Meron Filho;<br>Contra Almirante Jo\u00e3o Arthur do Carmo Hildebrandt;<br>Brigadeiro Jos\u00e9 Eduardo Xavier;<br>Brigadeiro Jos\u00e9 Montigomeri Mello Rebou\u00e7as;<br>Brigadeiro Leci Oliveira Peres;<br>Brigadeiro Luiz Carlos Lebeis Pires Filho;<br>Contra Almirante MD Luiz Roberto Martins Dias;<br>Contra Almirante M\u00e1rcio Tadeu Francisco Neves;<br>Brigadeiro Maximino Mendes de Oliveira J\u00fanior;<br>Brigadeiro M\u00e1ximo Ballatore Roland;<br>Brigadeiro N\u00e9lson Vitalli Pazzini;<br>Capit\u00e3o de Mar e Guerra EN Alexandre Alves Santiago;<br>Capit\u00e3o de Mar e Guerra MD Alexandre Cherman;<br>Coronel da Aeron\u00e1utica Amaury Fernandes Abud;<br>Coronel do Ex\u00e9rcito Antonio Almerio Ferreira Diniz Filho;<br>Capit\u00e3o de Mar e Guerra IM Ant\u00f4nio Am\u00e2ncio Ramalho;<br>Coronel da Aeron\u00e1utica Ant\u00f4nio Celente Videira;<br>Capit\u00e3o de Mar e Guerra Antonio L\u00facio Travaglia;<br>Capit\u00e3o de Mar e Guerra FN Antonio Marcelo Pereira Lobato;<br>Coronel da Aeron\u00e1utica Atila Miranda;<br>Coronel da Aeron\u00e1utica Carlos Alberto Vieira de Souza;<br>Coronel da Aeron\u00e1utica Carlos Alberto Ribeiro Sanchez;<br>Capit\u00e3o de Mar e Guerra Carlos Barbosa Faillace;<br>Coronel da Aeron\u00e1utica Carlos Casado Lima;<br>Capit\u00e3o de Mar e Guerra FN Carlos Cust\u00f3dio Fran\u00e7a;<br>Capit\u00e3o de Mar e Guerra Carlos Eduardo Gutschow Palhas;<br>Coronel da Aeron\u00e1utica Celso Tavares;<br>Capit\u00e3o de Mar e Guerra Cicero da Silva Santos;<br>Capit\u00e3o de Mar e Guerra Claudio da Costa Braga;<br>Capit\u00e3o de Mar e Guerra Claudio Roberto Gonzalez;<br>Capit\u00e3o de Mar e Guerra Claudio Rog\u00e9rio de Andrade Fl\u00f4r;<br>Coronel da Aeron\u00e1utica Cleber Neves Junior;<br>Capit\u00e3o de Mar e Guerra Daniel Silvino Costa Nogueira;<br>Capit\u00e3o de Mar e Guerra Delfos Polycarpo Dami\u00e3o;<br>Capit\u00e3o de Mar e Guerra Diogenes de Moraes Selasco J\u00fanior;<br>Capit\u00e3o de Mar e Guerra Edmilson de Queiroz Matos;<br>Capit\u00e3o de Mar e Guerra Eduardo Dias da Cruz Filho;<br>Coronel da Aeron\u00e1utica Eduardo Sebasti\u00e3o de Paiva Vidual;<br>Coronel da Aeron\u00e1utica Eduardo Villanova Corr\u00eaa;<br>Coronel da Aeron\u00e1utica Etraud de Figueiredo Filho;<br>Coronel da Aeron\u00e1utica Evandro Ribeiro da Silva;<br>Coronel da Aeron\u00e1utica Fernando Cerdeira;<br>Coronel da Aeron\u00e1utica Fernando da Cunha Machado Costa;<br>Capit\u00e3o de Mar e Guerra Fernando Lessa Gomes;<br>Capit\u00e3o de Mar e Guerra Fernando Villa Alvarez;<br>Coronel da Aeron\u00e1utica Fl\u00e1vio Kauffmann;<br>Capit\u00e3o de Mar e Guerra IM Francisco Brito Fernandes;<br>Coronel da Aeron\u00e1utica Francisco Jos\u00e9 Degrazia Dellamora;<br>Capit\u00e3o de Mar e Guerra QC FN Gabriel Mascarenhas Monteiro;<br>Coronel do Ex\u00e9rcito Geraldo Figueira;<br>Coronel do Ex\u00e9rcito Germano Bordon Junior;<br>Capit\u00e3o de Mar e Guerra Gilberto Richter;<br>Capit\u00e3o de Mar e Guerra Gl\u00eanio Fernando Daniel;<br>Coronel da Aeron\u00e1utica Gromori Vasconcellos de Andrade;<br>Capit\u00e3o de Mar e Guerra FN Guilherme Gonzaga;<br>Capit\u00e3o de Mar e Guerra Hamilton de Carvalho Burd;<br>Coronel da Aeron\u00e1utica Haroldo Pinho de Figueiredo;<br>Capit\u00e3o de Mar e Guerra Helio Camargo de Toledo Pires;<br>Coronel da Aeron\u00e1utica Hugo Moura;<br>Coronel da Aeron\u00e1utica Humberto Rodrigues de Oliveira;<br>Capit\u00e3o de Mar e Guerra FN Irineu Martins de Oliveira;<br>Capit\u00e3o de Mar e Guerra FN Italo de Melo Pinto;<br>Capit\u00e3o de Mar e Guerra \u00cdtalo Gama Franco Monsores;<br>Capit\u00e3o de Mar e Guerra Ivan Cardim da Silva;<br>Coronel do Ex\u00e9rcito Ivo Vitale Menezes;<br>Capit\u00e3o de Mar e Guerra Jairo Bezerril Fontenelle;<br>Capit\u00e3o de Mar e Guerra Jo\u00e3o Antonio de Souza Neto;<br>Capit\u00e3o de Mar e Guerra FN Jo\u00e3o Antonio Salgueiro Rodrigues;<br>Coronel da Aeron\u00e1utica Jo\u00e3o Augusto Nini de Campos;<br>Capit\u00e3o de Mar e Guerra IM Jo\u00e3o Carlos Maciel Galv\u00e3o;<br>Coronel da Aeron\u00e1utica Jo\u00e3o Jos\u00e9 Pereira Pinto;<br>Coronel da Aeron\u00e1utica Jo\u00e3o Pereira Novaes Neto;<br>Coronel do Ex\u00e9rcito Jorge da Rocha Santos;<br>Capit\u00e3o de Mar e Guerra Jorge Ferreira dos Santos;<br>Coronel da Aeron\u00e1utica Jorge Luiz Vescia Lunkes;<br>Capit\u00e3o de Mar e Guerra Jose Alberto Cal Rodrigues;<br>Capit\u00e3o de Mar e Guerra EN Jos\u00e9 Assucena Neto;<br>Capit\u00e3o de Mar e Guerra Jos\u00e9 Bruno Franco Teixeira;<br>Capit\u00e3o de Mar e Guerra FN Jos\u00e9 Carlos da Luz;<br>Capit\u00e3o de Mar e Guerra FN Jos\u00e9 Carlos Linares Bastos;<br>Coronel da Aeron\u00e1utica Jos\u00e9 Danilo Franklin de Souza;<br>Capit\u00e3o de Mar e Guerra Jos\u00e9 Eduardo Amaral Leal;<br>Coronel do Ex\u00e9rcito Jos\u00e9 Fernando Martins de Souza;<br>Coronel da Aeron\u00e1utica Jos\u00e9 Luiz Kraemer;<br>Coronel da Aeron\u00e1utica Jos\u00e9 Maelson Gadelha Barbosa;<br>Coronel da Aeron\u00e1utica Jos\u00e9 Maria Bittencourt Lopes;<br>Capit\u00e3o de Mar e Guerra Jos\u00e9 Vanni Filho;<br>Coronel da Aeron\u00e1utica Julio Antonio de Souza e Almeida;<br>Coronel da Aeron\u00e1utica Julio Cezar Rozenberg;<br>Coronel da Aeron\u00e1utica Luis Alberto Ferreira Muniz;<br>Capit\u00e3o de Mar e Guerra Luis Fernando Carvalho dos Santos;<br>Coronel da Aeron\u00e1utica Luiz Claudio Fernandes Quadra;<br>Coronel da Aeron\u00e1utica Luiz de Mello Maia Filho;<br>Coronel da Aeron\u00e1utica Luiz Felipe de Mattos Saback;<br>Coronel da Aeron\u00e1utica Luiz Fernando Benincasa Corr\u00eaa;<br>Coronel da Aeron\u00e1utica Luiz Fernando P\u00f3voas da Silva;<br>Coronel da Aeron\u00e1utica Luiz Fernando Regnier Marques;<br>Capit\u00e3o de Mar e Guerra EN Luiz Ot\u00e1vio Ribeiro Carneiro;<br>Coronel da Aeron\u00e1utica Luiz Paulo da Silva Costa;<br>Capit\u00e3o de Mar e Guerra Luiz Rafael Mansano;<br>Capit\u00e3o de Mar e Guerra Marcelo William Monteiro da Silva;<br>Coronel da Aeron\u00e1utica Marcio Bastos Moreira;<br>Coronel da Aeron\u00e1utica Marcio Marques Soares;<br>Capit\u00e3o de Mar e Guerra FN Marco Antonio Nepomuceno Da Costa;<br>Coronel da Aeron\u00e1utica Marco Arthur de Marco Rangel;<br>Capit\u00e3o de Mar e Guerra Marco Aurelio de Almeida Lanzellotti;<br>Coronel da Aeron\u00e1utica Marco Aur\u00e9lio dos Santos Coelho;<br>Capit\u00e3o de Mar e Guerra Marco Polo \u00c1ureo Cerqueira de Souza;<br>Capit\u00e3o de Mar e Guerra Marcos Roza de Abreu;<br>Capit\u00e3o de Mar e Guerra Marcus Vinicius Guerra;<br>Coronel Intendente M\u00e1rio Ant\u00f4nio da Silva;<br>Capit\u00e3o de Mar e Guerra FN M\u00e1rio M\u00e1rcio Pimentel de Freitas;<br>Coronel Eng. da Aeron\u00e1utica M\u00e1rio M\u00e1rcio Ramos Teixeira;<br>Coronel da Aeron\u00e1utica Maur\u00edcio Andrade Corr\u00eaa da Silva;<br>Capit\u00e3o de Mar e Guerra Mauricio de Menezes Cordeiro;<br>Capit\u00e3o de Mar e Guerra FN Maur\u00edcio Miranda Ribeiro;<br>Capit\u00e3o de Mar e Guerra Murilo Marques Galv\u00e3o de Queiroz;<br>Capit\u00e3o de Mar e Guerra Nelicio Jos\u00e9 Lopes de Almeida;<br>Coronel da Aeron\u00e1utica Nelson Luiz Nogueira de Carvalho;<br>Coronel da Aeron\u00e1utica Nelson Vitalli Pazzine;<br>Capit\u00e3o de Mar e Guerra Nilson Amaral;<br>Coronel da Aeron\u00e1utica Pablo Morosino Lopes;<br>Coronel da Aeron\u00e1utica Paulo Cezar de Souza Lima;<br>Capit\u00e3o de Mar e Guerra FN Paulo Roberto Borges de Santana;<br>Coronel do Ex\u00e9rcito Paulo Sergio Augusto do Amaral;<br>Capit\u00e3o de Mar e Guerra FN Paulo Sergio de Carvalho Chagas;<br>Coronel da Aeron\u00e1utica Pedro Alberto da Silva Alvarenga;<br>Coronel da Aeron\u00e1utica Pedro Bittencourt de Almeida;<br>Coronel da Aeron\u00e1utica Pedro Celestino Angelo de Oliveira Filho;<br>Coronel da Aeron\u00e1utica Pedro Humberto Lobato Benedito;<br>Capit\u00e3o de Mar e Guerra Persio Soares Souto;<br>Capit\u00e3o de Mar e Guerra Ricardo de Lima Vallim;<br>Coronel da Aeron\u00e1utica Ricardo Domingues de Mattos;<br>Capit\u00e3o de Mar e Guerra FN Ricardo Wagner de Castilho S\u00e1;<br>Coronel da Aeron\u00e1utica Rinaldo Nery da Hora;<br>Coronel da Aeron\u00e1utica Roberto Cezar Salvado Fleury Curado;<br>Coronel da Aeron\u00e1utica Romualdo Barbosa Santos;<br>Coronel do Ex\u00e9rcito Ronaldo Lima dos Santos;<br>Coronel da Aeron\u00e1utica Rothday Zany Marques;<br>Capit\u00e3o de Mar e Guerra FN Rui Alexandre Sabatke Gutierrez;<br>Coronel da Aeron\u00e1utica Selmar Luiz Altomar;<br>Coronel da Aeron\u00e1utica S\u00e9rgio Jo\u00e3o Galhardo;<br>Coronel da Aeron\u00e1utica S\u00e9rgio Leal da Costa;<br>Capit\u00e3o de Mar e Guerra Sonilon Vieira Leite;<br>Coronel da Aeron\u00e1utica Ubirajara Fernandes da Cunha;<br>Capit\u00e3o de Mar e Guerra Ulisses Felipe Camardella;<br>Capit\u00e3o de Mar e Guerra Valdir de Souza e Silva;<br>Coronel da Aeron\u00e1utica Vanio de Figueiredo Crispim;<br>Capit\u00e3o de Mar e Guerra Victor Alberto de Castro e Antunes Junior;<br>Capit\u00e3o de Mar e Guerra Wagner de Abreu Oliveira;<br>Coronel da Aeron\u00e1utica Waldir Almeida de Lima;<br>Capit\u00e3o de Mar e Guerra Walter Mesiano Savastano Junior;<br>Capit\u00e3o de Mar e Guerra FN Wilson Luiz de Lima Neves;<br>Capit\u00e3o de Fragata Antonio Fernando Batista Santos;<br>Capit\u00e3o de Fragata T Carlos Itagiba Paes Barbosa;<br>Tenente Coronel da Aeron\u00e1utica Cezar Roberto Menezes Bunn;<br>Capit\u00e3o de Fragata IM Frederico Augusto Andrade Vi\u00e9gas;<br>Capit\u00e3o de Fragata FN Frederico Rodrigues dos Santos;<br>Tenente Coronel da Aeron\u00e1utica Herbert Carvalho Azzi;<br>Capit\u00e3o de Fragata Hilton Luiz Mascarenhas;<br>Tenente Coronel da Aeron\u00e1utica Jos\u00e9 Carlos Delphino;<br>Capit\u00e3o de Fragata Kleber Khayat dos Santos Ara\u00fajo;<br>Capit\u00e3o de Fragata Laudice Di Palma;<br>Capit\u00e3o de Fragata FN Lu\u00eds Renato Joras de Oliveira;<br>Tenente Coronel da Aeron\u00e1utica Mario Cesar S Moreira;<br>Tenente Coronel da Aeron\u00e1utica Nelson Rodrigues Farias;<br>Capit\u00e3o de Fragata Omar Temer Junior;<br>Tenente Coronel da Aeron\u00e1utica Paulo Arsand Neto;<br>Tenente Coronel da Aeron\u00e1utica Paulo Cesar Fonseca Viana;<br>Tenente Coronel da Aeron\u00e1utica Sergio Alves Rodriguez;<br>Capit\u00e3o de Corveta IM Cl\u00e1udio Antonio de Paula Camargo;<br>Major da Aeron\u00e1utica Iran Domingue;<br>Major da Aeron\u00e1utica Robson Junger Maruoka;<br>Major da Aeron\u00e1utica Marcos Duarte Lins;<br>Major da Aeron\u00e1utica Reinaldo Leone Kede;<br>Major da Aeron\u00e1utica Sebasti\u00e3o Murilio Domiciano Pinto;<br>Capit\u00e3o da Aeron\u00e1utica Alberto Cezar Greiffo da Justa Menescal;<br>Capit\u00e3o Tenente Ayrton Menna Barreto;<br>Capit\u00e3o da Aeron\u00e1utica Danilo Garcia;<br>Capit\u00e3o da Aeron\u00e1utica Marcelo Duarte Lins;<br>Capit\u00e3o da Aeron\u00e1utica Marcos da Silva;<br>Capit\u00e3o da Aeron\u00e1utica Paulo Roberto Urpia Lima;<br>Capit\u00e3o da Aeron\u00e1utica Paulo Winz;<br>1o Tenente da Aeron\u00e1utica Gilberto de Oliveira Padilha;<br>2o Tenente da Marinha Antonio Carlos Mendon\u00e7a Nunes; e<br>2o Tenente da Aeron\u00e1utica Rodrigo Ot\u00e1vio Villa-Forte Gomes da Silva.<\/p>\n","protected":false},"excerpt":{"rendered":"<p>O Supremo Tribunal Federal (STF) imp\u00f4s ao Brasil um regime de exce\u00e7\u00e3o, afirmaram militares da reserva, em carta divulgada no s\u00e1bado 26. Segundo os oficiais, a Corte est\u00e1 ferindo as bases democr\u00e1ticas do pa\u00eds ao usurpar as atribui\u00e7\u00f5es exclusivas do Executivo e do Legislativo. Os militares citam tamb\u00e9m a forma como os ministros lidaram com [&hellip;]<\/p>\n","protected":false},"author":2,"featured_media":13649,"comment_status":"open","ping_status":"open","sticky":false,"template":"","format":"standard","meta":[],"categories":[10],"tags":[],"_links":{"self":[{"href":"https:\/\/dgospel.com.br\/portal\/index.php\/wp-json\/wp\/v2\/posts\/13647"}],"collection":[{"href":"https:\/\/dgospel.com.br\/portal\/index.php\/wp-json\/wp\/v2\/posts"}],"about":[{"href":"https:\/\/dgospel.com.br\/portal\/index.php\/wp-json\/wp\/v2\/types\/post"}],"author":[{"embeddable":true,"href":"https:\/\/dgospel.com.br\/portal\/index.php\/wp-json\/wp\/v2\/users\/2"}],"replies":[{"embeddable":true,"href":"https:\/\/dgospel.com.br\/portal\/index.php\/wp-json\/wp\/v2\/comments?post=13647"}],"version-history":[{"count":1,"href":"https:\/\/dgospel.com.br\/portal\/index.php\/wp-json\/wp\/v2\/posts\/13647\/revisions"}],"predecessor-version":[{"id":13650,"href":"https:\/\/dgospel.com.br\/portal\/index.php\/wp-json\/wp\/v2\/posts\/13647\/revisions\/13650"}],"wp:featuredmedia":[{"embeddable":true,"href":"https:\/\/dgospel.com.br\/portal\/index.php\/wp-json\/wp\/v2\/media\/13649"}],"wp:attachment":[{"href":"https:\/\/dgospel.com.br\/portal\/index.php\/wp-json\/wp\/v2\/media?parent=13647"}],"wp:term":[{"taxonomy":"category","embeddable":true,"href":"https:\/\/dgospel.com.br\/portal\/index.php\/wp-json\/wp\/v2\/categories?post=13647"},{"taxonomy":"post_tag","embeddable":true,"href":"https:\/\/dgospel.com.br\/portal\/index.php\/wp-json\/wp\/v2\/tags?post=13647"}],"curies":[{"name":"wp","href":"https:\/\/api.w.org\/{rel}","templated":true}]}}