{"id":13659,"date":"2022-11-28T16:46:36","date_gmt":"2022-11-28T19:46:36","guid":{"rendered":"http:\/\/dgospel.com.br\/portal\/?p=13659"},"modified":"2022-11-28T16:46:37","modified_gmt":"2022-11-28T19:46:37","slug":"as-forcas-armadas-nao-aceitarao-que-se-tenha-um-candidato-com-duvidas-sobre-a-legitimidade-da-escolha-alertam-militares-da-reserva-em-carta-aberta","status":"publish","type":"post","link":"https:\/\/dgospel.com.br\/portal\/index.php\/2022\/11\/28\/as-forcas-armadas-nao-aceitarao-que-se-tenha-um-candidato-com-duvidas-sobre-a-legitimidade-da-escolha-alertam-militares-da-reserva-em-carta-aberta\/","title":{"rendered":"\u201cAs For\u00e7as Armadas n\u00e3o aceitar\u00e3o que se tenha um candidato com d\u00favidas sobre a legitimidade da escolha\u201d, alertam militares da reserva em carta aberta"},"content":{"rendered":"\n<p>\u201c\u00c9 chegada a hora de as autoridades e do povo brasileiro saberem que as For\u00e7as Armadas n\u00e3o aceitar\u00e3o que se tenha um candidato, qualquer que seja ele, com quaisquer d\u00favidas sobre a legitimidade da escolha, livre e soberana da vontade da maioria, tal como preconiza a Constitui\u00e7\u00e3o\u201d, diz uma carta aberta divulgada no s\u00e1bado (26), por militares da reserva. Eles ainda afirmam que o Supremo Tribunal Federal (STF) imp\u00f4s ao Brasil um regime de exce\u00e7\u00e3o e est\u00e1 ferindo as bases democr\u00e1ticas do pa\u00eds ao usurpar as atribui\u00e7\u00f5es exclusivas do Executivo e do Legislativo.<\/p>\n\n\n\n<p><a href=\"https:\/\/www.assembleia.pr.leg.br\/\" target=\"_blank\" rel=\"noreferrer noopener\"><\/a><\/p>\n\n\n\n<p>Outro ponto abordado na carta \u00e9 a forma como os ministros lidaram com as sugest\u00f5es para a melhoria do processo eleitoral, qualificado como \u201csem as condi\u00e7\u00f5es m\u00ednimas que atestem sua seguran\u00e7a, transpar\u00eancia, veracidade, rastreabilidade\u201d.<\/p>\n\n\n\n<p>\u201cInfelizmente, o \u00f3rg\u00e3o que deveria se manifestar de forma t\u00e9cnica e transparente sobre essas e quaisquer outras indaga\u00e7\u00f5es futuras mant\u00e9m-se em sil\u00eancio, ignorando o pedido dos cidad\u00e3os\u201d, diz um trecho da carta.<\/p>\n\n\n\n<p>\u201c\u00c9 not\u00f3rio que vivemos uma grave crise institucional, ante a constata\u00e7\u00e3o de que os \u00f3rg\u00e3os da c\u00fapula do Poder Judici\u00e1rio, como o STF e o TSE, v\u00eam sistematicamente se colocando acima das leis e de suas pr\u00f3prias compet\u00eancias, invadindo as atribui\u00e7\u00f5es de outros Poderes, como repetidamente afirmado por doutos juristas\u201d, consta na carta.<\/p>\n\n\n\n<p>Segundo os militares, \u00e9 natural e justific\u00e1vel, diante desse cen\u00e1rio, que a popula\u00e7\u00e3o brasileira esteja se sentindo \u201cindefesa, intimidada e de m\u00e3os atadas\u201d, pedindo socorro aos militares. A caserna \u00e9 como \u201co amparo para as preocupa\u00e7\u00f5es dos cidad\u00e3os e a solu\u00e7\u00e3o para as suas ang\u00fastias, como sua \u00faltima inst\u00e2ncia\u201d.<\/p>\n\n\n\n<p>Fonte: horabrasilia<\/p>\n\n\n\n<h1><\/h1>\n","protected":false},"excerpt":{"rendered":"<p>\u201c\u00c9 chegada a hora de as autoridades e do povo brasileiro saberem que as For\u00e7as Armadas n\u00e3o aceitar\u00e3o que se tenha um candidato, qualquer que seja ele, com quaisquer d\u00favidas sobre a legitimidade da escolha, livre e soberana da vontade da maioria, tal como preconiza a Constitui\u00e7\u00e3o\u201d, diz uma carta aberta divulgada no s\u00e1bado (26), [&hellip;]<\/p>\n","protected":false},"author":2,"featured_media":13660,"comment_status":"open","ping_status":"open","sticky":false,"template":"","format":"standard","meta":[],"categories":[4],"tags":[],"_links":{"self":[{"href":"https:\/\/dgospel.com.br\/portal\/index.php\/wp-json\/wp\/v2\/posts\/13659"}],"collection":[{"href":"https:\/\/dgospel.com.br\/portal\/index.php\/wp-json\/wp\/v2\/posts"}],"about":[{"href":"https:\/\/dgospel.com.br\/portal\/index.php\/wp-json\/wp\/v2\/types\/post"}],"author":[{"embeddable":true,"href":"https:\/\/dgospel.com.br\/portal\/index.php\/wp-json\/wp\/v2\/users\/2"}],"replies":[{"embeddable":true,"href":"https:\/\/dgospel.com.br\/portal\/index.php\/wp-json\/wp\/v2\/comments?post=13659"}],"version-history":[{"count":1,"href":"https:\/\/dgospel.com.br\/portal\/index.php\/wp-json\/wp\/v2\/posts\/13659\/revisions"}],"predecessor-version":[{"id":13661,"href":"https:\/\/dgospel.com.br\/portal\/index.php\/wp-json\/wp\/v2\/posts\/13659\/revisions\/13661"}],"wp:featuredmedia":[{"embeddable":true,"href":"https:\/\/dgospel.com.br\/portal\/index.php\/wp-json\/wp\/v2\/media\/13660"}],"wp:attachment":[{"href":"https:\/\/dgospel.com.br\/portal\/index.php\/wp-json\/wp\/v2\/media?parent=13659"}],"wp:term":[{"taxonomy":"category","embeddable":true,"href":"https:\/\/dgospel.com.br\/portal\/index.php\/wp-json\/wp\/v2\/categories?post=13659"},{"taxonomy":"post_tag","embeddable":true,"href":"https:\/\/dgospel.com.br\/portal\/index.php\/wp-json\/wp\/v2\/tags?post=13659"}],"curies":[{"name":"wp","href":"https:\/\/api.w.org\/{rel}","templated":true}]}}