{"id":1366,"date":"2018-09-19T00:14:04","date_gmt":"2018-09-19T03:14:04","guid":{"rendered":"http:\/\/dgospel.com.br\/portal\/?p=1366"},"modified":"2018-09-19T00:14:04","modified_gmt":"2018-09-19T03:14:04","slug":"prefeita-cinthia-ribeiro-recebe-dados-da-rede-de-cidades-sustentaveis-2016-2017","status":"publish","type":"post","link":"https:\/\/dgospel.com.br\/portal\/index.php\/2018\/09\/19\/prefeita-cinthia-ribeiro-recebe-dados-da-rede-de-cidades-sustentaveis-2016-2017\/","title":{"rendered":"Prefeita Cinthia Ribeiro recebe dados da Rede de Cidades Sustent\u00e1veis 2016\/2017"},"content":{"rendered":"<p class=\"yiv6936661828gmail-m7765456307296534986gmail-msonospacing\">A prefeita Cinthia Ribeiro se reuniu na tarde desta ter\u00e7a-feira, 18, com representantes da Rede Nacional de Cidades Sustent\u00e1veis \u2013 Ver Cidade, para receber os dados da avalia\u00e7\u00e3o de 2017, ano base 2016 e definir a alimenta\u00e7\u00e3o do sistema com os dados referentes a este ano. Ela avaliou a reuni\u00e3o de forma positiva, mas destacou que os \u00edndices precisam chegar com mais efetividade ao cidad\u00e3o palmense.<\/p>\n<p class=\"yiv6936661828gmail-m7765456307296534986gmail-msonospacing\">\u201c\u00c9 preciso que essa qualidade expressada na pesquisa seja sentida pelo cidad\u00e3o, por quem est\u00e1 na ponta\u201d, avaliou a prefeita, acrescentando: &#8220;Fico muito feliz por receber essa equipe para discutir e avaliar melhorias para nossa cidade. Com certeza j\u00e1 estamos em um bom caminho e vamos avan\u00e7ar muito mais&#8221;, disse.<\/p>\n<p class=\"yiv6936661828gmail-m7765456307296534986gmail-msonospacing\">A Rede \u2013 Ver Cidades \u00e9 uma organiza\u00e7\u00e3o social que monitora 120 indicadores do Munic\u00edpio, que medem qualidade de vida, desenvolvimento econ\u00f4micos, social, educa\u00e7\u00e3o, sa\u00fade, dentre outros. O monitoramento \u00e9 parte do programa Iniciativa Cidades Emergentes e Sustent\u00e1veis (Ices), mantido pelo Banco Interamericano para o Desenvolvimento (BID), em parceria com a Caixa Econ\u00f4mica Federal (CEF). Al\u00e9m de Palmas, participam da Ices, Jo\u00e3o Pessoa (PB), Goi\u00e2nia (GO), Florian\u00f3polis (SC) e Vit\u00f3ria (ES).<\/p>\n<p class=\"yiv6936661828gmail-m7765456307296534986gmail-msonospacing\">A apresenta\u00e7\u00e3o dos dados de Palmas foi feita pelo professor doutor da Universidade Federal do Tocantins (UFT) Waldecy Rodrigues, integrante da Rede. Na ocasi\u00e3o, a diretora executiva da Rede, Maria Ant\u00f4nia, pediu empenho da municipalidade para inser\u00e7\u00e3o dos dados t\u00e9cnicos no sistema para que sejam estabelecidos os dados do ano base 2017. A prefeita Cinthia Ribeiro determinou empenho para que as demandas sejam atendidas com presteza e efici\u00eancia.<\/p>\n<p class=\"yiv6936661828gmail-m7765456307296534986gmail-msonospacing\">Al\u00e9m do professor Waldecy Rodrigues e da diretora Maria Ant\u00f4nia, ainda foram recebidos pela prefeita, o presidente da Organiza\u00e7\u00e3o\u00a0Rede Nacional de Cidades Sustent\u00e1veis \u2013 Ver Cidade, Claudinir Junior; e o superintendente da Caixa, Vandeir Ferreira.<\/p>\n","protected":false},"excerpt":{"rendered":"<p>A prefeita Cinthia Ribeiro se reuniu na tarde desta ter\u00e7a-feira, 18, com representantes da Rede Nacional de Cidades Sustent\u00e1veis \u2013 Ver Cidade, para receber os dados da avalia\u00e7\u00e3o de 2017, ano base 2016 e definir a alimenta\u00e7\u00e3o do sistema com os dados referentes a este ano. Ela avaliou a reuni\u00e3o de forma positiva, mas destacou [&hellip;]<\/p>\n","protected":false},"author":2,"featured_media":1367,"comment_status":"open","ping_status":"open","sticky":false,"template":"","format":"standard","meta":[],"categories":[2,3],"tags":[],"_links":{"self":[{"href":"https:\/\/dgospel.com.br\/portal\/index.php\/wp-json\/wp\/v2\/posts\/1366"}],"collection":[{"href":"https:\/\/dgospel.com.br\/portal\/index.php\/wp-json\/wp\/v2\/posts"}],"about":[{"href":"https:\/\/dgospel.com.br\/portal\/index.php\/wp-json\/wp\/v2\/types\/post"}],"author":[{"embeddable":true,"href":"https:\/\/dgospel.com.br\/portal\/index.php\/wp-json\/wp\/v2\/users\/2"}],"replies":[{"embeddable":true,"href":"https:\/\/dgospel.com.br\/portal\/index.php\/wp-json\/wp\/v2\/comments?post=1366"}],"version-history":[{"count":1,"href":"https:\/\/dgospel.com.br\/portal\/index.php\/wp-json\/wp\/v2\/posts\/1366\/revisions"}],"predecessor-version":[{"id":1368,"href":"https:\/\/dgospel.com.br\/portal\/index.php\/wp-json\/wp\/v2\/posts\/1366\/revisions\/1368"}],"wp:featuredmedia":[{"embeddable":true,"href":"https:\/\/dgospel.com.br\/portal\/index.php\/wp-json\/wp\/v2\/media\/1367"}],"wp:attachment":[{"href":"https:\/\/dgospel.com.br\/portal\/index.php\/wp-json\/wp\/v2\/media?parent=1366"}],"wp:term":[{"taxonomy":"category","embeddable":true,"href":"https:\/\/dgospel.com.br\/portal\/index.php\/wp-json\/wp\/v2\/categories?post=1366"},{"taxonomy":"post_tag","embeddable":true,"href":"https:\/\/dgospel.com.br\/portal\/index.php\/wp-json\/wp\/v2\/tags?post=1366"}],"curies":[{"name":"wp","href":"https:\/\/api.w.org\/{rel}","templated":true}]}}