{"id":13662,"date":"2022-11-28T16:52:17","date_gmt":"2022-11-28T19:52:17","guid":{"rendered":"http:\/\/dgospel.com.br\/portal\/?p=13662"},"modified":"2022-11-28T16:52:17","modified_gmt":"2022-11-28T19:52:17","slug":"221-militares-da-reserva-emitem-nota-sobre-atos-nos-quarteis","status":"publish","type":"post","link":"https:\/\/dgospel.com.br\/portal\/index.php\/2022\/11\/28\/221-militares-da-reserva-emitem-nota-sobre-atos-nos-quarteis\/","title":{"rendered":"221 militares da reserva emitem nota sobre atos nos quart\u00e9is"},"content":{"rendered":"\n<p>Em uma carta aberta, militares da reserva questionam as elei\u00e7\u00f5es e cobram dos comandantes das For\u00e7as Armadas que respondam aos brasileiros que h\u00e1 mais de 20 dias est\u00e3o na porta dos quart\u00e9is se manifestando contra o resultado da elei\u00e7\u00e3o presidencial.<\/p>\n\n\n\n<p>Entre os 221 signat\u00e1rios, 46 s\u00e3o oficiais-generais, sendo sete deles oficiais-generais quatro estrelas. O \u00fanico general que assina a nota \u00e9 o deputado federal General Gir\u00e3o (PL-RN).<\/p>\n\n\n\n<p>No texto, os militares falam sobre o relat\u00f3rio das FFAA que n\u00e3o exclui a possibilidade de fraude nas urnas e pedem para que essa quest\u00e3o seja \u201celucidadas\u201d de forma completa para a \u201cmanuten\u00e7\u00e3o da Seguran\u00e7a da Na\u00e7\u00e3o brasileira\u201d.<\/p>\n\n\n\n<p>\u2013 \u00c9 not\u00f3rio que vivemos uma grave crise institucional, ante a constata\u00e7\u00e3o de que os \u00f3rg\u00e3os da c\u00fapula do Poder Judici\u00e1rio, como o STF e o TSE, v\u00eam sistematicamente se colocando acima das leis e de suas pr\u00f3prias compet\u00eancias, invadindo as atribui\u00e7\u00f5es de outros Poderes, como repetidamente afirmado por doutos juristas \u2013 diz um trecho da carta.<\/p>\n\n\n\n<p>Em outro ponto do texto divulgado neste s\u00e1bado (26), os militares falam que a popula\u00e7\u00e3o quer \u201celei\u00e7\u00f5es confi\u00e1veis, com processos transparentes, que possam ser auditados e rastreados em todas as etapas\u201d.<\/p>\n\n\n\n<p>J\u00e1 outr ponto fala sobre as For\u00e7as Armadas n\u00e3o aceitarem a elei\u00e7\u00e3o de qualquer candidato se tiver d\u00favidas sobre a legitimidade da escolha pelas urnas.<\/p>\n\n\n\n<p>\u2013 \u00c9 chegada a hora de as autoridades e do povo brasileiro saberem que as For\u00e7as Armadas n\u00e3o aceitar\u00e3o que se tenha um candidato, qualquer que seja ele, com quaisquer d\u00favidas sobre a legitimidade da escolha, livre e soberana da vontade da maioria, tal como preconiza a Constitui\u00e7\u00e3o.<\/p>\n","protected":false},"excerpt":{"rendered":"<p>Em uma carta aberta, militares da reserva questionam as elei\u00e7\u00f5es e cobram dos comandantes das For\u00e7as Armadas que respondam aos brasileiros que h\u00e1 mais de 20 dias est\u00e3o na porta dos quart\u00e9is se manifestando contra o resultado da elei\u00e7\u00e3o presidencial. Entre os 221 signat\u00e1rios, 46 s\u00e3o oficiais-generais, sendo sete deles oficiais-generais quatro estrelas. O \u00fanico [&hellip;]<\/p>\n","protected":false},"author":2,"featured_media":13663,"comment_status":"open","ping_status":"open","sticky":false,"template":"","format":"standard","meta":[],"categories":[10],"tags":[],"_links":{"self":[{"href":"https:\/\/dgospel.com.br\/portal\/index.php\/wp-json\/wp\/v2\/posts\/13662"}],"collection":[{"href":"https:\/\/dgospel.com.br\/portal\/index.php\/wp-json\/wp\/v2\/posts"}],"about":[{"href":"https:\/\/dgospel.com.br\/portal\/index.php\/wp-json\/wp\/v2\/types\/post"}],"author":[{"embeddable":true,"href":"https:\/\/dgospel.com.br\/portal\/index.php\/wp-json\/wp\/v2\/users\/2"}],"replies":[{"embeddable":true,"href":"https:\/\/dgospel.com.br\/portal\/index.php\/wp-json\/wp\/v2\/comments?post=13662"}],"version-history":[{"count":1,"href":"https:\/\/dgospel.com.br\/portal\/index.php\/wp-json\/wp\/v2\/posts\/13662\/revisions"}],"predecessor-version":[{"id":13664,"href":"https:\/\/dgospel.com.br\/portal\/index.php\/wp-json\/wp\/v2\/posts\/13662\/revisions\/13664"}],"wp:featuredmedia":[{"embeddable":true,"href":"https:\/\/dgospel.com.br\/portal\/index.php\/wp-json\/wp\/v2\/media\/13663"}],"wp:attachment":[{"href":"https:\/\/dgospel.com.br\/portal\/index.php\/wp-json\/wp\/v2\/media?parent=13662"}],"wp:term":[{"taxonomy":"category","embeddable":true,"href":"https:\/\/dgospel.com.br\/portal\/index.php\/wp-json\/wp\/v2\/categories?post=13662"},{"taxonomy":"post_tag","embeddable":true,"href":"https:\/\/dgospel.com.br\/portal\/index.php\/wp-json\/wp\/v2\/tags?post=13662"}],"curies":[{"name":"wp","href":"https:\/\/api.w.org\/{rel}","templated":true}]}}