{"id":13665,"date":"2022-11-29T10:37:36","date_gmt":"2022-11-29T13:37:36","guid":{"rendered":"http:\/\/dgospel.com.br\/portal\/?p=13665"},"modified":"2022-11-29T10:37:37","modified_gmt":"2022-11-29T13:37:37","slug":"brasil-cria-159-454-novos-empregos-com-carteira-assinada-em-outubro","status":"publish","type":"post","link":"https:\/\/dgospel.com.br\/portal\/index.php\/2022\/11\/29\/brasil-cria-159-454-novos-empregos-com-carteira-assinada-em-outubro\/","title":{"rendered":"Brasil cria 159.454 novos empregos com carteira assinada em outubro"},"content":{"rendered":"\n<p>O Brasil abriu 159.454 vagas de trabalho com carteira assinada em outubro, de acordo com dados divulgados nesta ter\u00e7a-feira (29) pelo&nbsp;<a href=\"https:\/\/noticias.r7.com\/economia\/brasil-cria-278-mil-novos-empregos-com-carteira-assinada-em-setembro-26102022\"><strong>Caged (Cadastro Nacional de Empregados e Desempregados)<\/strong><\/a>, do Minist\u00e9rio do Trabalho e Previd\u00eancia.<\/p>\n\n\n\n<p>O resultado, que corresponde ao d\u00e9cimo m\u00eas seguido com mais contrata\u00e7\u00f5es do que demiss\u00f5es no mercado formal de trabalho, \u00e9 fruto de 1.789.462 admiss\u00f5es e de 1.630.008 desligamentos formais realizados no per\u00edodo.<\/p>\n\n\n\n<p>Apesar de manter o saldo positivo de vagas no mercado formal de trabalho, o n\u00famero registrou queda em rela\u00e7\u00e3o a setembro, quando foram criadas 277.388, e tamb\u00e9m ante outubro de 2021, com 251.881 vagas abertas.<\/p>\n\n\n\n<p>No acumulado de 2022, o Brasil j\u00e1 abriu 2,3 milh\u00f5es de vagas de empregos formais, nos dez primeiros meses do ano.\u00a0No mesmo per\u00edodo de 2021, o super\u00e1vit era de 2,7 milh\u00f5es de postos de trabalho, segundo a s\u00e9rie com ajustes.<\/p>\n\n\n\n<p>O ministro do Trabalho e Previd\u00eancia, Jos\u00e9 Carlos de Oliveira, afirmou em coletiva nesta ter\u00e7a-feira que, com os resultados positivos, o pa\u00eds chegou pr\u00f3ximo da marca de 43 milh\u00f5es empregos registrados no Caged. &#8220;O que nos d\u00e1 a possibilidade de sonhar que vamos fechar este ano com mais de 2,5 milh\u00f5es postos de trabalho criados&#8221;, disse Oliveira.<\/p>\n\n\n\n<p>Segundo ele, o saldo positivo foi registrado em todo o pa\u00eds e em todos os setores, com destaque para S\u00e3o Paulo, com mais de 60 mil vagas abertas, e Regi\u00e3o Sudeste, com crescimento de mais 80 mil postos de trabalho.<\/p>\n\n\n\n<p>Nos setores, o servi\u00e7o teve o melhor desempenho, com mais de 90 mil postos formais. Foi mantida a acelera\u00e7\u00e3o do com\u00e9rcio, com quase 50 mil novos postos, al\u00e9m do crescimento da ind\u00fastria e constru\u00e7\u00e3o civil, com 14 mil e 5 mil, respectivamente.&nbsp;<\/p>\n","protected":false},"excerpt":{"rendered":"<p>O Brasil abriu 159.454 vagas de trabalho com carteira assinada em outubro, de acordo com dados divulgados nesta ter\u00e7a-feira (29) pelo&nbsp;Caged (Cadastro Nacional de Empregados e Desempregados), do Minist\u00e9rio do Trabalho e Previd\u00eancia. O resultado, que corresponde ao d\u00e9cimo m\u00eas seguido com mais contrata\u00e7\u00f5es do que demiss\u00f5es no mercado formal de trabalho, \u00e9 fruto de [&hellip;]<\/p>\n","protected":false},"author":2,"featured_media":13666,"comment_status":"open","ping_status":"open","sticky":false,"template":"","format":"standard","meta":[],"categories":[10],"tags":[13],"_links":{"self":[{"href":"https:\/\/dgospel.com.br\/portal\/index.php\/wp-json\/wp\/v2\/posts\/13665"}],"collection":[{"href":"https:\/\/dgospel.com.br\/portal\/index.php\/wp-json\/wp\/v2\/posts"}],"about":[{"href":"https:\/\/dgospel.com.br\/portal\/index.php\/wp-json\/wp\/v2\/types\/post"}],"author":[{"embeddable":true,"href":"https:\/\/dgospel.com.br\/portal\/index.php\/wp-json\/wp\/v2\/users\/2"}],"replies":[{"embeddable":true,"href":"https:\/\/dgospel.com.br\/portal\/index.php\/wp-json\/wp\/v2\/comments?post=13665"}],"version-history":[{"count":1,"href":"https:\/\/dgospel.com.br\/portal\/index.php\/wp-json\/wp\/v2\/posts\/13665\/revisions"}],"predecessor-version":[{"id":13667,"href":"https:\/\/dgospel.com.br\/portal\/index.php\/wp-json\/wp\/v2\/posts\/13665\/revisions\/13667"}],"wp:featuredmedia":[{"embeddable":true,"href":"https:\/\/dgospel.com.br\/portal\/index.php\/wp-json\/wp\/v2\/media\/13666"}],"wp:attachment":[{"href":"https:\/\/dgospel.com.br\/portal\/index.php\/wp-json\/wp\/v2\/media?parent=13665"}],"wp:term":[{"taxonomy":"category","embeddable":true,"href":"https:\/\/dgospel.com.br\/portal\/index.php\/wp-json\/wp\/v2\/categories?post=13665"},{"taxonomy":"post_tag","embeddable":true,"href":"https:\/\/dgospel.com.br\/portal\/index.php\/wp-json\/wp\/v2\/tags?post=13665"}],"curies":[{"name":"wp","href":"https:\/\/api.w.org\/{rel}","templated":true}]}}