{"id":13668,"date":"2022-11-29T10:53:21","date_gmt":"2022-11-29T13:53:21","guid":{"rendered":"http:\/\/dgospel.com.br\/portal\/?p=13668"},"modified":"2022-11-29T10:53:22","modified_gmt":"2022-11-29T13:53:22","slug":"pl-vai-adotar-todas-as-medidas-adequadas-diz-partido-sobre-bloqueio-de-conta","status":"publish","type":"post","link":"https:\/\/dgospel.com.br\/portal\/index.php\/2022\/11\/29\/pl-vai-adotar-todas-as-medidas-adequadas-diz-partido-sobre-bloqueio-de-conta\/","title":{"rendered":"\u2018PL vai adotar todas as medidas adequadas\u2019, diz partido, sobre bloqueio de conta"},"content":{"rendered":"\n<p>O&nbsp;<strong><a href=\"https:\/\/partidoliberal.org.br\/\" target=\"_blank\" rel=\"noreferrer noopener\">Partido Liberal<\/a><\/strong>, sigla do presidente da Jair Bolsonaro, divulgou nota na manh\u00e3 desta ter\u00e7a-feira, 29, na qual afirma que vai adotar todas as medidas para preservar o direito \u00e0 livre atividade partid\u00e1ria e outras liberdades previstas na Constitui\u00e7\u00e3o Federal.<\/p>\n\n\n\n<p>O PL se refere \u00e0&nbsp;<strong><a href=\"https:\/\/revistaoeste.com\/politica\/moraes-bloqueia-quase-r-14-milhoes-na-conta-do-pl\/\" target=\"_blank\" rel=\"noreferrer noopener\">decis\u00e3o do presidente do Tribunal Superior Eleitoral (TSE), Alexandre de Moraes, que bloqueou quase R$ 14 milh\u00f5es encontrados nas contas do partido<\/a><\/strong>, como forma de recolher pelo menos parte da multa de R$ 23 milh\u00f5es, por litig\u00e2ncia de m\u00e1-f\u00e9, na a\u00e7\u00e3o em que o partido apresentou uma auditoria que constatou irregularidades em 280 mil urnas.<\/p>\n\n\n\n<p>Eis a \u00edntegra da nota: \u201cO Partido Liberal vai adotar todas as medidas adequadas para preservar a liberdade, o direito \u00e0 livre atividade parlamentar e partid\u00e1ria, o direito \u00e0 liberdade de express\u00e3o e, mais ainda, o direito constitucional e democr\u00e1tico de contestar decis\u00f5es judiciais sem sofrer qualquer retalia\u00e7\u00e3o.\u201d O PL n\u00e3o informa nenhum detalhe das medidas que ser\u00e3o adotadas.<\/p>\n\n\n\n<p>A a\u00e7\u00e3o que questionou as urnas foi ajuizada pela coliga\u00e7\u00e3o que elegeu Bolsonaro, e os tr\u00eas partidos \u2014 PL, PP e Republicanos \u2014 foram multados. Por\u00e9m, o ministro entendeu que a iniciativa do PL n\u00e3o teve a ades\u00e3o dos outros dois e os isentou da multa. Portanto, as duas legendas voltaram a ter acesso ao Fundo Partid\u00e1rio.<\/p>\n\n\n\n<p>A a\u00e7\u00e3o do PL, protocolada em 22 de novembro, depois de entrevista coletiva do presidente do PL, Valdemar Costa Neto, e de especialistas que fizeram a auditoria, pedia que o TSE invalidasse votos registrados no segundo turno nas urnas de modelo 2009, 2010, 2011, 2013 e 2015, que somam quase 280 mil das 472 mil urnas utilizadas nas elei\u00e7\u00f5es.<\/p>\n\n\n\n<p>Para Moraes, no entanto, houve \u201ctotal m\u00e1-f\u00e9 da requerente em seu esdr\u00faxulo e il\u00edcito pedido\u201d, que \u00e9 um ato \u201catentat\u00f3rio ao Estado Democr\u00e1tico de Direito\u201d. Apesar da auditoria, o ministro disse que houve \u201ctotal aus\u00eancia de quaisquer ind\u00edcios de irregularidades e a exist\u00eancia de uma narrativa totalmente fraudulenta dos fatos\u201d. Por isso, aplicou a multa.<\/p>\n","protected":false},"excerpt":{"rendered":"<p>O&nbsp;Partido Liberal, sigla do presidente da Jair Bolsonaro, divulgou nota na manh\u00e3 desta ter\u00e7a-feira, 29, na qual afirma que vai adotar todas as medidas para preservar o direito \u00e0 livre atividade partid\u00e1ria e outras liberdades previstas na Constitui\u00e7\u00e3o Federal. O PL se refere \u00e0&nbsp;decis\u00e3o do presidente do Tribunal Superior Eleitoral (TSE), Alexandre de Moraes, que [&hellip;]<\/p>\n","protected":false},"author":2,"featured_media":13669,"comment_status":"open","ping_status":"open","sticky":false,"template":"","format":"standard","meta":[],"categories":[4],"tags":[13],"_links":{"self":[{"href":"https:\/\/dgospel.com.br\/portal\/index.php\/wp-json\/wp\/v2\/posts\/13668"}],"collection":[{"href":"https:\/\/dgospel.com.br\/portal\/index.php\/wp-json\/wp\/v2\/posts"}],"about":[{"href":"https:\/\/dgospel.com.br\/portal\/index.php\/wp-json\/wp\/v2\/types\/post"}],"author":[{"embeddable":true,"href":"https:\/\/dgospel.com.br\/portal\/index.php\/wp-json\/wp\/v2\/users\/2"}],"replies":[{"embeddable":true,"href":"https:\/\/dgospel.com.br\/portal\/index.php\/wp-json\/wp\/v2\/comments?post=13668"}],"version-history":[{"count":1,"href":"https:\/\/dgospel.com.br\/portal\/index.php\/wp-json\/wp\/v2\/posts\/13668\/revisions"}],"predecessor-version":[{"id":13670,"href":"https:\/\/dgospel.com.br\/portal\/index.php\/wp-json\/wp\/v2\/posts\/13668\/revisions\/13670"}],"wp:featuredmedia":[{"embeddable":true,"href":"https:\/\/dgospel.com.br\/portal\/index.php\/wp-json\/wp\/v2\/media\/13669"}],"wp:attachment":[{"href":"https:\/\/dgospel.com.br\/portal\/index.php\/wp-json\/wp\/v2\/media?parent=13668"}],"wp:term":[{"taxonomy":"category","embeddable":true,"href":"https:\/\/dgospel.com.br\/portal\/index.php\/wp-json\/wp\/v2\/categories?post=13668"},{"taxonomy":"post_tag","embeddable":true,"href":"https:\/\/dgospel.com.br\/portal\/index.php\/wp-json\/wp\/v2\/tags?post=13668"}],"curies":[{"name":"wp","href":"https:\/\/api.w.org\/{rel}","templated":true}]}}