{"id":13683,"date":"2022-11-29T15:09:27","date_gmt":"2022-11-29T18:09:27","guid":{"rendered":"http:\/\/dgospel.com.br\/portal\/?p=13683"},"modified":"2022-11-29T15:09:28","modified_gmt":"2022-11-29T18:09:28","slug":"quem-sao-os-33-senadores-que-assinaram-a-pec-da-gastanca","status":"publish","type":"post","link":"https:\/\/dgospel.com.br\/portal\/index.php\/2022\/11\/29\/quem-sao-os-33-senadores-que-assinaram-a-pec-da-gastanca\/","title":{"rendered":"Quem s\u00e3o os 33 senadores que assinaram a PEC da Gastan\u00e7a"},"content":{"rendered":"\n<p>A equipe de transi\u00e7\u00e3o do presidente eleito, Lula (PT),&nbsp;<a href=\"https:\/\/revistaoeste.com\/politica\/pec-da-gastanca-comeca-a-tramitar-no-senado\/\" target=\"_blank\" rel=\"noreferrer noopener\"><strong>conseguiu nesta ter\u00e7a-feira, 29, 33 assinaturas para iniciar a tramita\u00e7\u00e3o da Proposta de Emenda \u00e0 Constitui\u00e7\u00e3o (PEC) da Gastan\u00e7a<\/strong><\/a>.<\/p>\n\n\n\n<p>A proposta fixa o valor do Aux\u00edlio Brasil, futuro Bolsa Fam\u00edlia, em R$ 600, mais R$ 150 por crian\u00e7a de at\u00e9 seis anos. O texto prev\u00ea que R$ 175 bilh\u00f5es fiquem fora do teto de gastos. A informa\u00e7\u00e3o foi confirmada a&nbsp;<strong>Oeste<\/strong>&nbsp;pelo senador&nbsp;<a href=\"https:\/\/twitter.com\/MarceloCastroPI\" target=\"_blank\" rel=\"noreferrer noopener\"><strong>Marcelo Castro (MDB-PI)<\/strong><\/a>, relator-geral do Or\u00e7amento de 2023.<\/p>\n\n\n\n<p>Se aprovada, a PEC ser\u00e1 v\u00e1lida entre 2023 e 2026. O grupo de Lula havia dito que seriam necess\u00e1rios entre R$ 100 bilh\u00f5es e R$ 200 bilh\u00f5es para pagar os programas de assist\u00eancia social.<\/p>\n\n\n\n<p><a href=\"https:\/\/revistaoeste.com\/politica\/pec-da-gastanca-e-protocolada-no-senado-federal\/\" target=\"_blank\" rel=\"noreferrer noopener\"><strong>Protocolada na segunda-feira 28<\/strong><\/a>, inicialmente, a PEC precisava de 27 assinaturas para come\u00e7ar a tramitar na Casa. O n\u00famero, no entanto, foi superado.<\/p>\n\n\n\n<p>Na quinta-feira 24, o senador disse que para conseguir focar na elabora\u00e7\u00e3o do Or\u00e7amento de 2023, a PEC precisaria ser aprovada no Senado e na C\u00e2mara, at\u00e9 10 de dezembro deste ano.<\/p>\n\n\n\n<p><strong>Oeste<\/strong>&nbsp;teve acesso \u00e0 lista dos senadores que assinaram a PEC. Confira abaixo os nomes de cada parlamentar:<\/p>\n\n\n\n<ol><li>Marcelo Castro (MDB-PI);<\/li><li>Alexandre Silveira (PSD-MG);<\/li><li>Jean Paul Prates (PT-RN);<\/li><li>D\u00e1rio Berger (PSB-SC);<\/li><li>Rog\u00e9rio Carvalho (PT-SE);<\/li><li>Zenaide Maia (Pros-RN);<\/li><li>Paulo Paim (PT-RS);<\/li><li>Fabiano Contarato (PT-ES);<\/li><li>Fl\u00e1vio Arns (Podemos-PR);<\/li><li>Telm\u00e1rio Mota (Pros-RR);<\/li><li>Randolfe Rodrigues (Rede-AP);<\/li><li>Humberto Costa (PT-PE);<\/li><li>Eliziane Gama (CIDADANIA-MA);<\/li><li>Carlos F\u00e1varo (PSD\/ MT);<\/li><li>Veneziano Vital do R\u00eago (MDB-PB);<\/li><li>Paulo Rocha (PT-PA);<\/li><li>Jader Barbalho (MDB-PA);<\/li><li>Jaques Wagner (PT-BA);<\/li><li>Acir Gurgacz (PDT-RO);<\/li><li>Mailza Gomes (PP-AC);<\/li><li>Otto Alencar (PSD-BA);<\/li><li>Leila Barros (PDT-DF);<\/li><li>Omar Aziz (PSD\/AM);<\/li><li>Nilda Gondim (MDB-PB);<\/li><li>Simone Tebet (MDB-MS);<\/li><li>Conf\u00facio Moura (MDB-RO);<\/li><li>S\u00e9rgio Petec\u00e3o (PSD-AC);<\/li><li>Rose de Freitas (MDB-ES);<\/li><li>Eduardo Braga (MDB-AM);<\/li><li>Iraj\u00e1 (PSD-TO);<\/li><li>Fernando Bezerra Coelho (MDB-PE);<\/li><li>Guaracy Silveira (PP-TO);<\/li><li>Weverton (PDT-MA).<\/li><\/ol>\n\n\n\n<p>Fonte: revistaoeste<\/p>\n","protected":false},"excerpt":{"rendered":"<p>A equipe de transi\u00e7\u00e3o do presidente eleito, Lula (PT),&nbsp;conseguiu nesta ter\u00e7a-feira, 29, 33 assinaturas para iniciar a tramita\u00e7\u00e3o da Proposta de Emenda \u00e0 Constitui\u00e7\u00e3o (PEC) da Gastan\u00e7a. A proposta fixa o valor do Aux\u00edlio Brasil, futuro Bolsa Fam\u00edlia, em R$ 600, mais R$ 150 por crian\u00e7a de at\u00e9 seis anos. O texto prev\u00ea que R$ [&hellip;]<\/p>\n","protected":false},"author":2,"featured_media":13684,"comment_status":"open","ping_status":"open","sticky":false,"template":"","format":"standard","meta":[],"categories":[8],"tags":[13],"_links":{"self":[{"href":"https:\/\/dgospel.com.br\/portal\/index.php\/wp-json\/wp\/v2\/posts\/13683"}],"collection":[{"href":"https:\/\/dgospel.com.br\/portal\/index.php\/wp-json\/wp\/v2\/posts"}],"about":[{"href":"https:\/\/dgospel.com.br\/portal\/index.php\/wp-json\/wp\/v2\/types\/post"}],"author":[{"embeddable":true,"href":"https:\/\/dgospel.com.br\/portal\/index.php\/wp-json\/wp\/v2\/users\/2"}],"replies":[{"embeddable":true,"href":"https:\/\/dgospel.com.br\/portal\/index.php\/wp-json\/wp\/v2\/comments?post=13683"}],"version-history":[{"count":1,"href":"https:\/\/dgospel.com.br\/portal\/index.php\/wp-json\/wp\/v2\/posts\/13683\/revisions"}],"predecessor-version":[{"id":13685,"href":"https:\/\/dgospel.com.br\/portal\/index.php\/wp-json\/wp\/v2\/posts\/13683\/revisions\/13685"}],"wp:featuredmedia":[{"embeddable":true,"href":"https:\/\/dgospel.com.br\/portal\/index.php\/wp-json\/wp\/v2\/media\/13684"}],"wp:attachment":[{"href":"https:\/\/dgospel.com.br\/portal\/index.php\/wp-json\/wp\/v2\/media?parent=13683"}],"wp:term":[{"taxonomy":"category","embeddable":true,"href":"https:\/\/dgospel.com.br\/portal\/index.php\/wp-json\/wp\/v2\/categories?post=13683"},{"taxonomy":"post_tag","embeddable":true,"href":"https:\/\/dgospel.com.br\/portal\/index.php\/wp-json\/wp\/v2\/tags?post=13683"}],"curies":[{"name":"wp","href":"https:\/\/api.w.org\/{rel}","templated":true}]}}