{"id":13686,"date":"2022-11-29T16:01:01","date_gmt":"2022-11-29T19:01:01","guid":{"rendered":"http:\/\/dgospel.com.br\/portal\/?p=13686"},"modified":"2022-11-29T16:01:03","modified_gmt":"2022-11-29T19:01:03","slug":"video-eduardo-se-pronuncia-sobre-sua-ida-a-copa-no-catar","status":"publish","type":"post","link":"https:\/\/dgospel.com.br\/portal\/index.php\/2022\/11\/29\/video-eduardo-se-pronuncia-sobre-sua-ida-a-copa-no-catar\/","title":{"rendered":"V\u00cdDEO: Eduardo se pronuncia sobre sua ida \u00e0 Copa no Catar"},"content":{"rendered":"\n<p>Ap\u00f3s a enorme repercuss\u00e3o na imprensa tradicional sobre a ida de Eduardo Bolsonaro ao Catar, o deputado federal publicou um v\u00eddeo mostrando o real motivo de sua viagem.<\/p>\n\n\n\n<p><a href=\"https:\/\/www.assembleia.pr.leg.br\/\" target=\"_blank\" rel=\"noreferrer noopener\"><\/a><\/p>\n\n\n\n<p>Com v\u00e1rios pendrives, o parlamentar afirma que eles cont\u00e9m v\u00eddeos em ingl\u00eas explicando a situa\u00e7\u00e3o atual do Brasil e que pretende aproveitar a presen\u00e7a da imprensa internacional para expor tudo o que vem acontecendo, inclusive o motivo das manifesta\u00e7\u00f5es em frente aos quarteis.<\/p>\n\n\n\n<p>Eduardo desmontou por completo a narrativa da imprensa tradicional que insinuou um descaso por sua parte em quanto milhares de brasileiros est\u00e3o acampados aguardando alguma a\u00e7\u00e3o das For\u00e7as Armadas.<\/p>\n\n\n\n<figure class=\"wp-block-embed is-type-video is-provider-youtube wp-block-embed-youtube wp-embed-aspect-16-9 wp-has-aspect-ratio\"><div class=\"wp-block-embed__wrapper\">\n<iframe loading=\"lazy\" title=\"Eduardo se pronuncia sobre sua ida \u00e0 Copa no Catar\" width=\"630\" height=\"354\" src=\"https:\/\/www.youtube.com\/embed\/8rpGU8AMHi4?feature=oembed\" frameborder=\"0\" allow=\"accelerometer; autoplay; clipboard-write; encrypted-media; gyroscope; picture-in-picture\" allowfullscreen><\/iframe>\n<\/div><\/figure>\n","protected":false},"excerpt":{"rendered":"<p>Ap\u00f3s a enorme repercuss\u00e3o na imprensa tradicional sobre a ida de Eduardo Bolsonaro ao Catar, o deputado federal publicou um v\u00eddeo mostrando o real motivo de sua viagem. Com v\u00e1rios pendrives, o parlamentar afirma que eles cont\u00e9m v\u00eddeos em ingl\u00eas explicando a situa\u00e7\u00e3o atual do Brasil e que pretende aproveitar a presen\u00e7a da imprensa internacional [&hellip;]<\/p>\n","protected":false},"author":2,"featured_media":13688,"comment_status":"open","ping_status":"open","sticky":false,"template":"","format":"standard","meta":[],"categories":[4],"tags":[],"_links":{"self":[{"href":"https:\/\/dgospel.com.br\/portal\/index.php\/wp-json\/wp\/v2\/posts\/13686"}],"collection":[{"href":"https:\/\/dgospel.com.br\/portal\/index.php\/wp-json\/wp\/v2\/posts"}],"about":[{"href":"https:\/\/dgospel.com.br\/portal\/index.php\/wp-json\/wp\/v2\/types\/post"}],"author":[{"embeddable":true,"href":"https:\/\/dgospel.com.br\/portal\/index.php\/wp-json\/wp\/v2\/users\/2"}],"replies":[{"embeddable":true,"href":"https:\/\/dgospel.com.br\/portal\/index.php\/wp-json\/wp\/v2\/comments?post=13686"}],"version-history":[{"count":1,"href":"https:\/\/dgospel.com.br\/portal\/index.php\/wp-json\/wp\/v2\/posts\/13686\/revisions"}],"predecessor-version":[{"id":13689,"href":"https:\/\/dgospel.com.br\/portal\/index.php\/wp-json\/wp\/v2\/posts\/13686\/revisions\/13689"}],"wp:featuredmedia":[{"embeddable":true,"href":"https:\/\/dgospel.com.br\/portal\/index.php\/wp-json\/wp\/v2\/media\/13688"}],"wp:attachment":[{"href":"https:\/\/dgospel.com.br\/portal\/index.php\/wp-json\/wp\/v2\/media?parent=13686"}],"wp:term":[{"taxonomy":"category","embeddable":true,"href":"https:\/\/dgospel.com.br\/portal\/index.php\/wp-json\/wp\/v2\/categories?post=13686"},{"taxonomy":"post_tag","embeddable":true,"href":"https:\/\/dgospel.com.br\/portal\/index.php\/wp-json\/wp\/v2\/tags?post=13686"}],"curies":[{"name":"wp","href":"https:\/\/api.w.org\/{rel}","templated":true}]}}