{"id":1369,"date":"2018-09-19T15:21:35","date_gmt":"2018-09-19T18:21:35","guid":{"rendered":"http:\/\/dgospel.com.br\/portal\/?p=1369"},"modified":"2018-09-19T15:21:35","modified_gmt":"2018-09-19T18:21:35","slug":"em-arraias-amastha-critica-obras-paradas-no-sudeste","status":"publish","type":"post","link":"https:\/\/dgospel.com.br\/portal\/index.php\/2018\/09\/19\/em-arraias-amastha-critica-obras-paradas-no-sudeste\/","title":{"rendered":"Em Arraias, Amastha critica obras paradas no Sudeste"},"content":{"rendered":"<p>Em visita a Arraiais nesta ter\u00e7a-feira, dia 18, o candidato a governador pelo Partido Socialista Brasileiro (PSB), Carlos Amastha, fez duras cr\u00edticas \u00faltimos governantes e ao atual governo pelo descaso com o Sudeste do Estado, e o exemplo concreto s\u00e3o as v\u00e1rias obras fundamentais para regi\u00e3o que est\u00e3o abandonadas, lembrou o ex-prefeito de Palmas ao se reuniu com lideran\u00e7as pol\u00edticas e populares na cidade e \u00e0s quais detalhou as propostas do seu plano de governo, o PG-40, para fazer o Tocantins voltar a crescer e gerar empregos e oportunidades em todas as regi\u00f5es.<\/p>\n<p>Um dos alvos das cr\u00edticas de Amastha est\u00e1 bem na entrada de Arraiais, a obra de uma escola estadual que seria militar e que est\u00e1 parada h\u00e1 anos. \u201c\u00c9 inadmiss\u00edvel que o Estado n\u00e3o se importe com a educa\u00e7\u00e3o das nossas crian\u00e7as\u201d, disse indignado. O ex-prefeito de Palmas garantiu que vai retomar a obra e transform\u00e1-la em uma escola profissionalizante com foco na minera\u00e7\u00e3o, j\u00e1 que a regi\u00e3o conta com uma grande ind\u00fastria de fosfato.<\/p>\n<p>&nbsp;<\/p>\n<p><b>*Com\u00e9rcio local desaquecido*<\/b><\/p>\n<p>&nbsp;<\/p>\n<p>Outro problema que os moradores de Arraias enfrentam \u00e9 baixa competitividade dos pre\u00e7os dos produtos vendidos no com\u00e9rcio da cidade, o que faz com que os moradores viagem a Campos Belos, munic\u00edpio goiano, em busca de pre\u00e7os mais vantajosos, o que desaquece o mercado arraiano. O candidato pela coliga\u00e7\u00e3o A Verdadeira Mudan\u00e7a lamentou a falta de investimento do governo no com\u00e9rcio local. \u201c\u00c9 triste ver que o pouco dinheiro que circula em Arraias \u00e9 gasto em Goi\u00e1s. N\u00e3o temos um Estado indutor de desenvolvimento.\u201d<\/p>\n<p>Amastha tamb\u00e9m criticou a paralisa\u00e7\u00e3o da obra da barragem no Rio Arraias, que minimizaria os impactos da falta de \u00e1gua na regi\u00e3o, al\u00e9m de incentivar a produ\u00e7\u00e3o agr\u00edcola local. \u201c\u00c9 mais uma obra que poderia estar beneficiando a popula\u00e7\u00e3o n\u00e3o s\u00f3 de Arraias, mas tamb\u00e9m de regi\u00f5es vizinhas\u201d, lamentou.<\/p>\n","protected":false},"excerpt":{"rendered":"<p>Em visita a Arraiais nesta ter\u00e7a-feira, dia 18, o candidato a governador pelo Partido Socialista Brasileiro (PSB), Carlos Amastha, fez duras cr\u00edticas \u00faltimos governantes e ao atual governo pelo descaso com o Sudeste do Estado, e o exemplo concreto s\u00e3o as v\u00e1rias obras fundamentais para regi\u00e3o que est\u00e3o abandonadas, lembrou o ex-prefeito de Palmas ao [&hellip;]<\/p>\n","protected":false},"author":2,"featured_media":1370,"comment_status":"open","ping_status":"open","sticky":false,"template":"","format":"standard","meta":[],"categories":[2,4],"tags":[],"_links":{"self":[{"href":"https:\/\/dgospel.com.br\/portal\/index.php\/wp-json\/wp\/v2\/posts\/1369"}],"collection":[{"href":"https:\/\/dgospel.com.br\/portal\/index.php\/wp-json\/wp\/v2\/posts"}],"about":[{"href":"https:\/\/dgospel.com.br\/portal\/index.php\/wp-json\/wp\/v2\/types\/post"}],"author":[{"embeddable":true,"href":"https:\/\/dgospel.com.br\/portal\/index.php\/wp-json\/wp\/v2\/users\/2"}],"replies":[{"embeddable":true,"href":"https:\/\/dgospel.com.br\/portal\/index.php\/wp-json\/wp\/v2\/comments?post=1369"}],"version-history":[{"count":1,"href":"https:\/\/dgospel.com.br\/portal\/index.php\/wp-json\/wp\/v2\/posts\/1369\/revisions"}],"predecessor-version":[{"id":1371,"href":"https:\/\/dgospel.com.br\/portal\/index.php\/wp-json\/wp\/v2\/posts\/1369\/revisions\/1371"}],"wp:featuredmedia":[{"embeddable":true,"href":"https:\/\/dgospel.com.br\/portal\/index.php\/wp-json\/wp\/v2\/media\/1370"}],"wp:attachment":[{"href":"https:\/\/dgospel.com.br\/portal\/index.php\/wp-json\/wp\/v2\/media?parent=1369"}],"wp:term":[{"taxonomy":"category","embeddable":true,"href":"https:\/\/dgospel.com.br\/portal\/index.php\/wp-json\/wp\/v2\/categories?post=1369"},{"taxonomy":"post_tag","embeddable":true,"href":"https:\/\/dgospel.com.br\/portal\/index.php\/wp-json\/wp\/v2\/tags?post=1369"}],"curies":[{"name":"wp","href":"https:\/\/api.w.org\/{rel}","templated":true}]}}