{"id":13692,"date":"2022-11-30T09:32:15","date_gmt":"2022-11-30T12:32:15","guid":{"rendered":"http:\/\/dgospel.com.br\/portal\/?p=13692"},"modified":"2022-11-30T09:32:17","modified_gmt":"2022-11-30T12:32:17","slug":"cnj-afasta-e-aplica-censura-a-juiza-por-publicacoes-contra-o-pt","status":"publish","type":"post","link":"https:\/\/dgospel.com.br\/portal\/index.php\/2022\/11\/30\/cnj-afasta-e-aplica-censura-a-juiza-por-publicacoes-contra-o-pt\/","title":{"rendered":"CNJ afasta e aplica censura a ju\u00edza por publica\u00e7\u00f5es contra o PT"},"content":{"rendered":"\n<p>O Plen\u00e1rio do Conselho Nacional de Justi\u00e7a (CNJ) decidiu, por unanimidade, aplicar pena de censura \u00e0 ju\u00edza Regiane Tonet dos Santos, do Tribunal de Justi\u00e7a do Paran\u00e1, pelo compartilhamento de sete publica\u00e7\u00f5es em rede social com conte\u00fado pol\u00edtico-partid\u00e1rio, em sua maioria em ano eleitoral. A decis\u00e3o ocorreu durante a realiza\u00e7\u00e3o da 64\u00aa sess\u00e3o extraordin\u00e1ria do \u00f3rg\u00e3o, nesta ter\u00e7a-feira (29).<\/p>\n\n\n\n<p><a href=\"https:\/\/www.assembleia.pr.leg.br\/\" target=\"_blank\" rel=\"noreferrer noopener\"><\/a><\/p>\n\n\n\n<p>O Processo Administrativo Disciplinar foi instaurado ap\u00f3s den\u00fancia de manifesta\u00e7\u00f5es feitas em 2017 e 2018 sobre quest\u00f5es pol\u00edticas, bem como a respeito da atua\u00e7\u00e3o de ministros do Supremo Tribunal Federal. Relatora do processo, a conselheira Salise Sanchotene destacou a necess\u00e1ria e inviol\u00e1vel imparcialidade do juiz para o exerc\u00edcio de suas fun\u00e7\u00f5es.<\/p>\n\n\n\n<p>A relatora frisou que a ju\u00edza exercia fun\u00e7\u00e3o eleitoral em comarca de vara \u00fanica do interior do estado. \u201cO que torna a figura do magistrado ainda mais representativa do Poder Judici\u00e1rio\u201d, afirmou. \u201cO cerne da quest\u00e3o n\u00e3o est\u00e1, portanto, na discuss\u00e3o quanto \u00e0 liberdade de express\u00e3o, e sim na potencialidade de quebra da imparcialidade\u201d, completou Salise Sanchotene. A ju\u00edza estava em exerc\u00edcio na fun\u00e7\u00e3o eleitoral na 112\u00aa Zona Eleitoral de Guarania\u00e7u\/PR, justamente durante o per\u00edodo em que fez as postagens. A magistrada foi afastada da fun\u00e7\u00e3o eleitoral em fun\u00e7\u00e3o da instala\u00e7\u00e3o do PAD.<\/p>\n\n\n\n<p>A Lei Org\u00e2nica da Magistratura Nacional (Loman), que remonta a 1979, j\u00e1 impedia o exerc\u00edcio da atividade pol\u00edtico-partid\u00e1ria por parte dos magistrados. Tamb\u00e9m vedava manifesta\u00e7\u00e3o, por qualquer meio de comunica\u00e7\u00e3o, de opini\u00e3o sobre processo pendente de julgamento, ju\u00edzo depreciativo sobre despachos, votos ou senten\u00e7as, de \u00f3rg\u00e3os judiciais, ressalvada a cr\u00edtica nos autos e em obras t\u00e9cnicas ou no exerc\u00edcio do magist\u00e9rio.<\/p>\n\n\n\n<p>Al\u00e9m da Loman, em seu voto, Salise Sanchotene citou a Resolu\u00e7\u00e3o n. 305\/2019, que estabeleceu os par\u00e2metros para o uso das redes socais pelos membros do Poder Judici\u00e1rio, e o Provimento n. 71\/2018, da Corregedoria Nacional de Justi\u00e7a, sobre o uso de<em>&nbsp;e-mail<\/em>&nbsp;institucional pelos membros e servidores do Poder Judici\u00e1rio, e manifesta\u00e7\u00f5es em redes sociais.&nbsp; A relatora ressaltou que o CNJ n\u00e3o pretende censurar a liberdade de express\u00e3o dos magistrados, \u201cmas, t\u00e3o somente, orientar e estabelecer par\u00e2metros, para, a partir de ent\u00e3o, passar a exigir, com maior rigor, um padr\u00e3o de conduta espec\u00edfico no uso da Internet\u201d, disse.<\/p>\n","protected":false},"excerpt":{"rendered":"<p>O Plen\u00e1rio do Conselho Nacional de Justi\u00e7a (CNJ) decidiu, por unanimidade, aplicar pena de censura \u00e0 ju\u00edza Regiane Tonet dos Santos, do Tribunal de Justi\u00e7a do Paran\u00e1, pelo compartilhamento de sete publica\u00e7\u00f5es em rede social com conte\u00fado pol\u00edtico-partid\u00e1rio, em sua maioria em ano eleitoral. A decis\u00e3o ocorreu durante a realiza\u00e7\u00e3o da 64\u00aa sess\u00e3o extraordin\u00e1ria do [&hellip;]<\/p>\n","protected":false},"author":2,"featured_media":13693,"comment_status":"open","ping_status":"open","sticky":false,"template":"","format":"standard","meta":[],"categories":[10],"tags":[],"_links":{"self":[{"href":"https:\/\/dgospel.com.br\/portal\/index.php\/wp-json\/wp\/v2\/posts\/13692"}],"collection":[{"href":"https:\/\/dgospel.com.br\/portal\/index.php\/wp-json\/wp\/v2\/posts"}],"about":[{"href":"https:\/\/dgospel.com.br\/portal\/index.php\/wp-json\/wp\/v2\/types\/post"}],"author":[{"embeddable":true,"href":"https:\/\/dgospel.com.br\/portal\/index.php\/wp-json\/wp\/v2\/users\/2"}],"replies":[{"embeddable":true,"href":"https:\/\/dgospel.com.br\/portal\/index.php\/wp-json\/wp\/v2\/comments?post=13692"}],"version-history":[{"count":1,"href":"https:\/\/dgospel.com.br\/portal\/index.php\/wp-json\/wp\/v2\/posts\/13692\/revisions"}],"predecessor-version":[{"id":13694,"href":"https:\/\/dgospel.com.br\/portal\/index.php\/wp-json\/wp\/v2\/posts\/13692\/revisions\/13694"}],"wp:featuredmedia":[{"embeddable":true,"href":"https:\/\/dgospel.com.br\/portal\/index.php\/wp-json\/wp\/v2\/media\/13693"}],"wp:attachment":[{"href":"https:\/\/dgospel.com.br\/portal\/index.php\/wp-json\/wp\/v2\/media?parent=13692"}],"wp:term":[{"taxonomy":"category","embeddable":true,"href":"https:\/\/dgospel.com.br\/portal\/index.php\/wp-json\/wp\/v2\/categories?post=13692"},{"taxonomy":"post_tag","embeddable":true,"href":"https:\/\/dgospel.com.br\/portal\/index.php\/wp-json\/wp\/v2\/tags?post=13692"}],"curies":[{"name":"wp","href":"https:\/\/api.w.org\/{rel}","templated":true}]}}