{"id":13698,"date":"2022-11-30T09:39:31","date_gmt":"2022-11-30T12:39:31","guid":{"rendered":"http:\/\/dgospel.com.br\/portal\/?p=13698"},"modified":"2022-11-30T09:39:32","modified_gmt":"2022-11-30T12:39:32","slug":"desemprego-recua-a-83-em-outubro-o-menor-nivel-desde-2015","status":"publish","type":"post","link":"https:\/\/dgospel.com.br\/portal\/index.php\/2022\/11\/30\/desemprego-recua-a-83-em-outubro-o-menor-nivel-desde-2015\/","title":{"rendered":"Desemprego recua a 8,3% em outubro, o menor n\u00edvel desde 2015"},"content":{"rendered":"\n<p>O&nbsp;<strong>desemprego no Brasil manteve a trajet\u00f3ria de queda<\/strong>&nbsp;e passou a atingir a 8,3% no trimestre encerrado em outubro. O&nbsp;<strong>percentual \u00e9 o menor apurado desde abril de 2015 (8,1%)<\/strong>, segundo dados apresentados nesta quarta-feira (30) pelo&nbsp;<strong>IBGE (Instituto Brasileiro de Geografia e Estat\u00edstica)<\/strong>.<\/p>\n\n\n\n<p>Com o recuo de 0,8 ponto percentual da taxa de desocupa\u00e7\u00e3o na compara\u00e7\u00e3o com os tr\u00eas meses anteriores, a&nbsp;<strong>quantidade de profissionais ainda fora da for\u00e7a de trabalho equivale a 9 milh\u00f5es de pessoas<\/strong>, o menor volume desde o trimestre finalizado em dezembro de 2015.<\/p>\n\n\n\n<p>O atual n\u00famero de desocupados representa um recuo de 8,7% em compara\u00e7\u00e3o com o trimestre encerrado no m\u00eas de julho, o equivalente a menos 860 mil pessoas na situa\u00e7\u00e3o. Trata-se do menor n\u00edvel desde julho de 2015.<\/p>\n\n\n\n<p>Desde o in\u00edcio da trajet\u00f3ria de queda, iniciada em mar\u00e7o de 2021, o percentual de desocupados no mercado de trabalho brasileiro desabou 6,6 pontos percentuais, mostram os n\u00fameros da&nbsp;<strong>PNAD Cont\u00ednua (Pesquisa Nacional por Amostra de Domic\u00edlios)<\/strong>.<\/p>\n\n\n\n<p>A queda do desemprego reflete tamb\u00e9m o&nbsp;aumento de 1% do&nbsp;contingente de pessoas ocupadas, que&nbsp;chegou a 99,7 milh\u00f5es e renovou o&nbsp;recorde na s\u00e9rie hist\u00f3rica, iniciada em 2012. Para&nbsp;Adriana Beringuy, coordenadora do estudo, as datas comemorativas contribuem para o resultado.&nbsp;<\/p>\n\n\n\n<p>&#8220;Este momento de crescimento de ocupa\u00e7\u00e3o j\u00e1 vem em curso desde o segundo semestre de 2021. Com a aproxima\u00e7\u00e3o dos \u00faltimos meses do ano, per\u00edodo em que historicamente h\u00e1 aumento de gera\u00e7\u00e3o de emprego, a tend\u00eancia se mant\u00e9m\u201d, afirma Adriana.<\/p>\n\n\n\n<p>O volume de pessoas ocupadas na popula\u00e7\u00e3o com idade de trabalhar cresceu 0,4 ponto percentual, chegando a 57,4%. J\u00e1 a taxa composta de subutiliza\u00e7\u00e3o caiu 1,4 ponto percentual, para 19,5% no trimestre. J\u00e1 a popula\u00e7\u00e3o subutilizada caiu para 6,7% e ainda atinge 22,7 milh\u00f5es de pessoas.<\/p>\n\n\n\n<h3>Carteira Assinada<\/h3>\n\n\n\n<p>A pesquisa do IBGE tamb\u00e9m&nbsp;demonstra a tend\u00eancia de crescimento para o n\u00famero de empregados com carteira de trabalho assinada no trimestre encerrado em outubro. De acordo com os dados, o aumento de 2,3% (822 mil) eleva para 36,6 milh\u00f5es o n\u00famero de empregados formais em atua\u00e7\u00e3o no Brasil.<\/p>\n\n\n\n<p>&#8220;Esse \u00edndice [de emprego com carteira assinada] segue em alta h\u00e1 mais de um ano, o que mostra n\u00e3o apenas que o mercado de trabalho est\u00e1 em expans\u00e3o num\u00e9rica de ocupados, mas tamb\u00e9m apresentando algum crescimento na formaliza\u00e7\u00e3o da popula\u00e7\u00e3o ocupada&#8221;, analisa Adriana.<\/p>\n\n\n\n<p>Mesmo com a evolu\u00e7\u00e3o, o n\u00famero de empregados sem carteira assinada no setor privado bateu o recorde da s\u00e9rie, chegando 13,4 milh\u00f5es de pessoas, um aumento de 2,3% (297 mil pessoas) contra o trimestre anterior e de 11,8% (1,4 milh\u00e3o de pessoas) no ano.<\/p>\n\n\n\n<p>J\u00e1 a quantidade de empregados no setor p\u00fablico foi outro a bater o recorde da s\u00e9rie hist\u00f3rica (12,3 milh\u00f5es) crescendo 2,3% no trimestre e 10,4%. J\u00e1 a taxa de informalidade foi 39,1% da popula\u00e7\u00e3o ocupada menor que o trimestre anterior e no mesmo per\u00edodo do ano passado, quando atingiu 40,7%. O n\u00famero de trabalhadores informais \u00e9 de 39 milh\u00f5es.<\/p>\n","protected":false},"excerpt":{"rendered":"<p>O&nbsp;desemprego no Brasil manteve a trajet\u00f3ria de queda&nbsp;e passou a atingir a 8,3% no trimestre encerrado em outubro. O&nbsp;percentual \u00e9 o menor apurado desde abril de 2015 (8,1%), segundo dados apresentados nesta quarta-feira (30) pelo&nbsp;IBGE (Instituto Brasileiro de Geografia e Estat\u00edstica). Com o recuo de 0,8 ponto percentual da taxa de desocupa\u00e7\u00e3o na compara\u00e7\u00e3o com [&hellip;]<\/p>\n","protected":false},"author":2,"featured_media":13699,"comment_status":"open","ping_status":"open","sticky":false,"template":"","format":"standard","meta":[],"categories":[10],"tags":[],"_links":{"self":[{"href":"https:\/\/dgospel.com.br\/portal\/index.php\/wp-json\/wp\/v2\/posts\/13698"}],"collection":[{"href":"https:\/\/dgospel.com.br\/portal\/index.php\/wp-json\/wp\/v2\/posts"}],"about":[{"href":"https:\/\/dgospel.com.br\/portal\/index.php\/wp-json\/wp\/v2\/types\/post"}],"author":[{"embeddable":true,"href":"https:\/\/dgospel.com.br\/portal\/index.php\/wp-json\/wp\/v2\/users\/2"}],"replies":[{"embeddable":true,"href":"https:\/\/dgospel.com.br\/portal\/index.php\/wp-json\/wp\/v2\/comments?post=13698"}],"version-history":[{"count":1,"href":"https:\/\/dgospel.com.br\/portal\/index.php\/wp-json\/wp\/v2\/posts\/13698\/revisions"}],"predecessor-version":[{"id":13700,"href":"https:\/\/dgospel.com.br\/portal\/index.php\/wp-json\/wp\/v2\/posts\/13698\/revisions\/13700"}],"wp:featuredmedia":[{"embeddable":true,"href":"https:\/\/dgospel.com.br\/portal\/index.php\/wp-json\/wp\/v2\/media\/13699"}],"wp:attachment":[{"href":"https:\/\/dgospel.com.br\/portal\/index.php\/wp-json\/wp\/v2\/media?parent=13698"}],"wp:term":[{"taxonomy":"category","embeddable":true,"href":"https:\/\/dgospel.com.br\/portal\/index.php\/wp-json\/wp\/v2\/categories?post=13698"},{"taxonomy":"post_tag","embeddable":true,"href":"https:\/\/dgospel.com.br\/portal\/index.php\/wp-json\/wp\/v2\/tags?post=13698"}],"curies":[{"name":"wp","href":"https:\/\/api.w.org\/{rel}","templated":true}]}}