{"id":13707,"date":"2022-11-30T10:44:09","date_gmt":"2022-11-30T13:44:09","guid":{"rendered":"http:\/\/dgospel.com.br\/portal\/?p=13707"},"modified":"2022-11-30T10:44:11","modified_gmt":"2022-11-30T13:44:11","slug":"pastores-sao-condenados-por-leis-anticonversao-na-india","status":"publish","type":"post","link":"https:\/\/dgospel.com.br\/portal\/index.php\/2022\/11\/30\/pastores-sao-condenados-por-leis-anticonversao-na-india\/","title":{"rendered":"Pastores s\u00e3o condenados por leis anticonvers\u00e3o na \u00cdndia"},"content":{"rendered":"\n<p>Pastores&nbsp;<a href=\"https:\/\/portasabertas.org.br\/lista-mundial-da-perseguicao\/india\">indianos<\/a>&nbsp;foram presos sob a falsa acusa\u00e7\u00e3o de convers\u00f5es for\u00e7adas ao cristianismo no dia 18 de novembro. Os crist\u00e3os receberam novas acusa\u00e7\u00f5es, tamb\u00e9m sem investiga\u00e7\u00e3o ou provas, que aumentaram ainda mais suas senten\u00e7as. Algumas das den\u00fancias foram: perturba\u00e7\u00e3o da paz, reuni\u00f5es religiosas impr\u00f3prias, perturba\u00e7\u00e3o p\u00fablica e distribui\u00e7\u00e3o de materiais religiosos que difamam outras religi\u00f5es.<\/p>\n\n\n\n<p>Desde setembro, mais de\u00a0<a href=\"https:\/\/portasabertas.org.br\/noticias\/cristaos-perseguidos\/pastores-sao-presos-como-traidores-na-india\">20 pastores foram presos<\/a>\u00a0por abusos das\u00a0<a href=\"https:\/\/portasabertas.org.br\/noticias\/cristaos-perseguidos\/estado-de-karnakata-adere-a-lei-anticonversao-na-india\">leis anticonvers\u00e3o<\/a>. Recentemente, alguns deles foram libertos com a ajuda de advogado ligados a parceiros da Portas Abertas. No entanto, outros continuaram detidos porque a Corte permanece adiando os julgamentos. A Organiza\u00e7\u00e3o das Na\u00e7\u00f5es Unidas j\u00e1 solicitou\u00a0<a href=\"https:\/\/portasabertas.org.br\/noticias\/cristaos-perseguidos\/onu-solicita-investigacao-independente-na-india\">uma investiga\u00e7\u00e3o independente<\/a>\u00a0e a mudan\u00e7a de postura do governo indiano quanto \u00e0s minorias religiosas.<\/p>\n\n\n\n<p><em>Com informa\u00e7\u00f5es: Portas Abertas (29.11.22)<\/em><\/p>\n","protected":false},"excerpt":{"rendered":"<p>Pastores&nbsp;indianos&nbsp;foram presos sob a falsa acusa\u00e7\u00e3o de convers\u00f5es for\u00e7adas ao cristianismo no dia 18 de novembro. Os crist\u00e3os receberam novas acusa\u00e7\u00f5es, tamb\u00e9m sem investiga\u00e7\u00e3o ou provas, que aumentaram ainda mais suas senten\u00e7as. Algumas das den\u00fancias foram: perturba\u00e7\u00e3o da paz, reuni\u00f5es religiosas impr\u00f3prias, perturba\u00e7\u00e3o p\u00fablica e distribui\u00e7\u00e3o de materiais religiosos que difamam outras religi\u00f5es. Desde setembro, [&hellip;]<\/p>\n","protected":false},"author":2,"featured_media":13708,"comment_status":"open","ping_status":"open","sticky":false,"template":"","format":"standard","meta":[],"categories":[16],"tags":[],"_links":{"self":[{"href":"https:\/\/dgospel.com.br\/portal\/index.php\/wp-json\/wp\/v2\/posts\/13707"}],"collection":[{"href":"https:\/\/dgospel.com.br\/portal\/index.php\/wp-json\/wp\/v2\/posts"}],"about":[{"href":"https:\/\/dgospel.com.br\/portal\/index.php\/wp-json\/wp\/v2\/types\/post"}],"author":[{"embeddable":true,"href":"https:\/\/dgospel.com.br\/portal\/index.php\/wp-json\/wp\/v2\/users\/2"}],"replies":[{"embeddable":true,"href":"https:\/\/dgospel.com.br\/portal\/index.php\/wp-json\/wp\/v2\/comments?post=13707"}],"version-history":[{"count":1,"href":"https:\/\/dgospel.com.br\/portal\/index.php\/wp-json\/wp\/v2\/posts\/13707\/revisions"}],"predecessor-version":[{"id":13709,"href":"https:\/\/dgospel.com.br\/portal\/index.php\/wp-json\/wp\/v2\/posts\/13707\/revisions\/13709"}],"wp:featuredmedia":[{"embeddable":true,"href":"https:\/\/dgospel.com.br\/portal\/index.php\/wp-json\/wp\/v2\/media\/13708"}],"wp:attachment":[{"href":"https:\/\/dgospel.com.br\/portal\/index.php\/wp-json\/wp\/v2\/media?parent=13707"}],"wp:term":[{"taxonomy":"category","embeddable":true,"href":"https:\/\/dgospel.com.br\/portal\/index.php\/wp-json\/wp\/v2\/categories?post=13707"},{"taxonomy":"post_tag","embeddable":true,"href":"https:\/\/dgospel.com.br\/portal\/index.php\/wp-json\/wp\/v2\/tags?post=13707"}],"curies":[{"name":"wp","href":"https:\/\/api.w.org\/{rel}","templated":true}]}}