{"id":13710,"date":"2022-11-30T11:12:50","date_gmt":"2022-11-30T14:12:50","guid":{"rendered":"http:\/\/dgospel.com.br\/portal\/?p=13710"},"modified":"2022-11-30T11:12:52","modified_gmt":"2022-11-30T14:12:52","slug":"oficiais-da-ativa-assinam-carta-demonstrando-insatisfacao-com-a-inseguranca-juridica-e-instabilidade-politica-e-social-no-pais","status":"publish","type":"post","link":"https:\/\/dgospel.com.br\/portal\/index.php\/2022\/11\/30\/oficiais-da-ativa-assinam-carta-demonstrando-insatisfacao-com-a-inseguranca-juridica-e-instabilidade-politica-e-social-no-pais\/","title":{"rendered":"Oficiais da ativa assinam carta demonstrando insatisfa\u00e7\u00e3o com a \u201cinseguran\u00e7a jur\u00eddica e instabilidade pol\u00edtica e social no pa\u00eds\u201d"},"content":{"rendered":"\n<p>Foi divulgada na madrugada desta segunda (28) para ter\u00e7a-feira (29), primeiramente em grupos militares e depois no programa&nbsp;<em>P\u00e2nico<\/em>, da Jovem Pan, por Paulo Figueiredo, uma carta assinada por oficiais da ativa direcionada ao comando do Ex\u00e9rcito Brasileiro, demonstrando insatisfa\u00e7\u00e3o com a \u201cinseguran\u00e7a jur\u00eddica e instabilidade pol\u00edtica e social no pa\u00eds\u201d.<\/p>\n\n\n\n<p>Ao divulgar o documento, Paulo Figueiredo relembrou que a \u00faltima vez em que houve esse tipo de manifesta\u00e7\u00e3o por parte de oficiais da ativa foi em 1954, durante o governo Get\u00falio Vargas, seis meses antes de ele cometer suic\u00eddio.<\/p>\n\n\n\n<p>\u2013 Estamos atentos a tudo que est\u00e1 acontecendo e que vem provocando inseguran\u00e7a jur\u00eddica e instabilidade pol\u00edtica e social no pa\u00eds \u2013 diz trecho da carta.<\/p>\n\n\n\n<p>O militares ratificam a import\u00e2ncia da harmonia entre os tr\u00eas poderes, al\u00e9m de apontar insatisfa\u00e7\u00e3o com o trabalho dos ve\u00edculos de comunica\u00e7\u00e3o.<\/p>\n\n\n\n<p>\u2013 Preocupa-nos a falta de imparcialidade na narrativa dos fatos e na divulga\u00e7\u00e3o de dados, por parte de diversos ve\u00edculos de comunica\u00e7\u00e3o \u2013 afirmam.<\/p>\n\n\n\n<p>\u2013 Covardia, injusti\u00e7a e fraqueza s\u00e3o os atributos mais abominados para um soldado. Nossa na\u00e7\u00e3o, aquela que entrega os maiores \u00edndices de confian\u00e7a \u00e0s For\u00e7as Armadas, sabe que seus militares n\u00e3o a abandonar\u00e3o \u2013 completam.<\/p>\n\n\n\n<p>At\u00e9 o momento, a carta conta com 177 assinaturas de oficiais.<\/p>\n\n\n\n<figure class=\"wp-block-image\"><img src=\"https:\/\/static.cdn.pleno.news\/2022\/11\/carta-1024x489.jpeg\" alt=\"\" class=\"wp-image-1047828\"\/><\/figure>\n\n\n\n<p><strong>Confira a carta na \u00edntegra:<\/strong><\/p>\n\n\n\n<p>S<em>ubscrevem esta carta, oficiais superiores da ativa do Ex\u00e9rcito Brasileiro, que o fazem de livre e espont\u00e2nea vontade.<\/em><\/p>\n\n\n\n<p><em>Como membros do Ex\u00e9rcito Brasileiro, somos sabedores que o Ex\u00e9rcito de Caxias \u00e9 uma institui\u00e7\u00e3o permanente e regular, sob a autoridade suprema do Presidente da Rep\u00fablica, e reconhecida por seu sacerd\u00f3cio, disponibilidade permanente e dedica\u00e7\u00e3o exclusiva ao Brasil, na qual repousa a confian\u00e7a do povo brasileiro.<\/em><\/p>\n\n\n\n<p><em>Resolvemos tornar p\u00fablico, com base no Inciso IV, do Art. 5o. da Constitui\u00e7\u00e3o Federal, a presente CARTA DOS OFICIAIS SUPERIORES DO EX\u00c9RCITO BRASILEIRO, deixando claro que \u00e9 o exerc\u00edcio do direito estabelecido no artigo acima mencionado e que ser\u00e1 colocado em t\u00f3picos, para melhor entendimento.<\/em><\/p>\n\n\n\n<p><em>\u201cA farda n\u00e3o abafa o cidad\u00e3o no peito do soldado!\u201d Marechal Manuel Lu\u00eds Os\u00f3rio<\/em><\/p>\n\n\n\n<p><em>Reafirmamos o nosso compromisso inquebrant\u00e1vel com a P\u00e1tria e com a Sociedade Brasileira, formada por patriotas comprometidos com o bem da Na\u00e7\u00e3o.<\/em><br><em>Ratificamos o alinhamento dos participantes com a legalidade, liberdade e transpar\u00eancia, atualmente t\u00e3o requeridas pelo povo brasileiro. N\u00e3o existe institui\u00e7\u00e3o ou poder constitu\u00eddo que possam se colocar acima da lei e da ordem democr\u00e1tica. Os tr\u00eas poderes precisam ser harm\u00f4nicos e independentes, conforme prev\u00ea a Constitui\u00e7\u00e3o, tendo em seu sistema de freios e contrapesos o necess\u00e1rio limite para que assim se mantenham.<\/em><br><em>Consideramos importante, portanto, que os Poderes e Institui\u00e7\u00f5es da Uni\u00e3o assumam os seus pap\u00e9is constitucionais previstos em lei e em prol da pacifica\u00e7\u00e3o pol\u00edtica, econ\u00f4mica e social, especialmente para a manuten\u00e7\u00e3o da Garantia da Lei e da Ordem e da preserva\u00e7\u00e3o dos poderes constitucionais, respeitando o pacto federativo previsto na regra basilar de funda\u00e7\u00e3o da Rep\u00fablica Federativa do Brasil.<\/em><br><em>Refor\u00e7amos a cren\u00e7a em nossa Institui\u00e7\u00e3o Ex\u00e9rcito Brasileiro, cuja origem remonta o sentimento de brasilidade constru\u00eddo a partir da Batalha de Guararapes (1648) e amalgamado \u00e0 participa\u00e7\u00e3o em todos os fatos hist\u00f3ricos de relev\u00e2ncia da na\u00e7\u00e3o.<\/em><br><em>Destacamos que os integrantes da For\u00e7a Terrestre, coesos, motivados e conhecedores de sua hist\u00f3ria, sempre estar\u00e3o prontos para cumprir suas miss\u00f5es constitucionais, com base no mais sublime dos juramentos de \u201c(\u2026) dedicar-me inteiramente ao servi\u00e7o da P\u00e1tria, cuja honra, integridade e institui\u00e7\u00f5es, defenderei com o sacrif\u00edcio da pr\u00f3pria vida\u201d.<\/em><br><em>Asseveramos que os Soldados de Caxias, que se preparam diuturnamente, com profissionalismo e abnega\u00e7\u00e3o, colocam os objetivos nacionais sempre em primeiro plano, desprezando quaisquer interesses pessoais.<\/em><br><em>Estamos atentos a tudo que est\u00e1 acontecendo e que vem provocando inseguran\u00e7a jur\u00eddica e instabilidade pol\u00edtica e social no pa\u00eds. Ademais, preocupa-nos a falta de imparcialidade na narrativa dos fatos e na divulga\u00e7\u00e3o de dados, por parte de diversos ve\u00edculos de comunica\u00e7\u00e3o.<\/em><\/p>\n\n\n\n<p><em>Covardia, injusti\u00e7a e fraqueza s\u00e3o os atributos mais abominados para um Soldado. Nossa na\u00e7\u00e3o, aquela que entrega os maiores \u00edndices de confian\u00e7a \u00e0s For\u00e7as Armadas, sabe que seus militares n\u00e3o a abandonar\u00e3o.<\/em><\/p>\n\n\n\n<p><em>A rela\u00e7\u00e3o preliminar dos subscritores desta carta ser\u00e1 elaborada por ordem alfab\u00e9tica, dentro de cada posto, apenas com as primeiras ades\u00f5es que foram coletadas antes da sua expedi\u00e7\u00e3o. \u00c0 medida que forem sendo recebidas novas solicita\u00e7\u00f5es de ades\u00e3o, elas ser\u00e3o encaminhadas oportunamente. Com nosso mais alto apre\u00e7o e respeito.<\/em><\/p>\n\n\n\n<p><em>Oficiais da ativa do EX\u00c9RCITO BRASILEIRO<\/em><\/p>\n","protected":false},"excerpt":{"rendered":"<p>Foi divulgada na madrugada desta segunda (28) para ter\u00e7a-feira (29), primeiramente em grupos militares e depois no programa&nbsp;P\u00e2nico, da Jovem Pan, por Paulo Figueiredo, uma carta assinada por oficiais da ativa direcionada ao comando do Ex\u00e9rcito Brasileiro, demonstrando insatisfa\u00e7\u00e3o com a \u201cinseguran\u00e7a jur\u00eddica e instabilidade pol\u00edtica e social no pa\u00eds\u201d. Ao divulgar o documento, Paulo [&hellip;]<\/p>\n","protected":false},"author":2,"featured_media":13711,"comment_status":"open","ping_status":"open","sticky":false,"template":"","format":"standard","meta":[],"categories":[10],"tags":[],"_links":{"self":[{"href":"https:\/\/dgospel.com.br\/portal\/index.php\/wp-json\/wp\/v2\/posts\/13710"}],"collection":[{"href":"https:\/\/dgospel.com.br\/portal\/index.php\/wp-json\/wp\/v2\/posts"}],"about":[{"href":"https:\/\/dgospel.com.br\/portal\/index.php\/wp-json\/wp\/v2\/types\/post"}],"author":[{"embeddable":true,"href":"https:\/\/dgospel.com.br\/portal\/index.php\/wp-json\/wp\/v2\/users\/2"}],"replies":[{"embeddable":true,"href":"https:\/\/dgospel.com.br\/portal\/index.php\/wp-json\/wp\/v2\/comments?post=13710"}],"version-history":[{"count":1,"href":"https:\/\/dgospel.com.br\/portal\/index.php\/wp-json\/wp\/v2\/posts\/13710\/revisions"}],"predecessor-version":[{"id":13712,"href":"https:\/\/dgospel.com.br\/portal\/index.php\/wp-json\/wp\/v2\/posts\/13710\/revisions\/13712"}],"wp:featuredmedia":[{"embeddable":true,"href":"https:\/\/dgospel.com.br\/portal\/index.php\/wp-json\/wp\/v2\/media\/13711"}],"wp:attachment":[{"href":"https:\/\/dgospel.com.br\/portal\/index.php\/wp-json\/wp\/v2\/media?parent=13710"}],"wp:term":[{"taxonomy":"category","embeddable":true,"href":"https:\/\/dgospel.com.br\/portal\/index.php\/wp-json\/wp\/v2\/categories?post=13710"},{"taxonomy":"post_tag","embeddable":true,"href":"https:\/\/dgospel.com.br\/portal\/index.php\/wp-json\/wp\/v2\/tags?post=13710"}],"curies":[{"name":"wp","href":"https:\/\/api.w.org\/{rel}","templated":true}]}}