{"id":13713,"date":"2022-11-30T15:30:41","date_gmt":"2022-11-30T18:30:41","guid":{"rendered":"http:\/\/dgospel.com.br\/portal\/?p=13713"},"modified":"2022-11-30T15:30:42","modified_gmt":"2022-11-30T18:30:42","slug":"deputado-van-hattem-ruptura-ja-aconteceu","status":"publish","type":"post","link":"https:\/\/dgospel.com.br\/portal\/index.php\/2022\/11\/30\/deputado-van-hattem-ruptura-ja-aconteceu\/","title":{"rendered":"Deputado Van Hattem: \u2018Ruptura j\u00e1 aconteceu\u2019"},"content":{"rendered":"\n<p>O deputado federal Marcel van Hattem (Novo-RS) afirmou, em audi\u00eancia realizada nesta quarta-feira, 30, no Senado, que um processo de ruptura institucional est\u00e1 em vigor no pa\u00eds. Segundo o parlamentar, autor da Comiss\u00e3o Parlamentar de Inqu\u00e9rito (<strong><a href=\"https:\/\/twitter.com\/STF_oficial\" target=\"_blank\" rel=\"noreferrer noopener\">CPI<\/a><\/strong>) do Abuso de Autoridade, essa desordem ocorre em raz\u00e3o dos desmandos do Judici\u00e1rio.<\/p>\n\n\n\n<p>\u201cSe n\u00f3s, como parlamentares, n\u00e3o pudermos nos debru\u00e7ar sobre isso, para que mesmo n\u00f3s servimos?\u201d, perguntou Van Hattem, durante a Comiss\u00e3o de Transpar\u00eancia, Fiscaliza\u00e7\u00e3o e Controle do Senado. \u201cEssa Corte que vemos no Brasil j\u00e1 est\u00e1 fechando o Congresso Nacional.\u201d<\/p>\n\n\n\n<p>Segundo o deputado, parte da desordem institucional ocorre por culpa do pr\u00f3prio Congresso. \u201cTemos de admitir que estamos mal, muito mal na fita\u201d, reconheceu. \u201cComo parlamentares, falhamos. \u00c9 por isso que j\u00e1 n\u00e3o podemos dizer que vivemos numa democracia plena no Brasil. A ruptura j\u00e1 aconteceu. Onde j\u00e1 se viu um parlamentar ter medo de se manifestar?\u201d<\/p>\n\n\n\n<p>Van Hattem disse ainda que n\u00e3o h\u00e1 \u201cdesculpa para n\u00e3o come\u00e7ar os trabalhos da CPI na C\u00e2mara dos Deputados\u201d.<\/p>\n\n\n\n<h2><strong>Tratamento igualit\u00e1rio<\/strong><\/h2>\n\n\n\n<p>Mais cedo, a influenciadora digital B\u00e1rbara Destefani, do canal&nbsp;<em>Te Atualizei<\/em>,&nbsp;<strong><a href=\"https:\/\/revistaoeste.com\/politica\/barbara-destefani-quero-o-mesmo-direito-que-a-justica-deu-para-um-traficante\/\" target=\"_blank\" rel=\"noreferrer noopener\">pediu \u00e0 Justi\u00e7a \u201co mesmo direito dado a um traficante e a um corrupto condenado\u201d<\/a><\/strong>, em alus\u00e3o ao criminoso Andr\u00e9 do Rap e ao presidente eleito, Luiz In\u00e1cio Lula da Silva (PT).<\/p>\n","protected":false},"excerpt":{"rendered":"<p>O deputado federal Marcel van Hattem (Novo-RS) afirmou, em audi\u00eancia realizada nesta quarta-feira, 30, no Senado, que um processo de ruptura institucional est\u00e1 em vigor no pa\u00eds. Segundo o parlamentar, autor da Comiss\u00e3o Parlamentar de Inqu\u00e9rito (CPI) do Abuso de Autoridade, essa desordem ocorre em raz\u00e3o dos desmandos do Judici\u00e1rio. \u201cSe n\u00f3s, como parlamentares, n\u00e3o [&hellip;]<\/p>\n","protected":false},"author":2,"featured_media":13714,"comment_status":"open","ping_status":"open","sticky":false,"template":"","format":"standard","meta":[],"categories":[4],"tags":[],"_links":{"self":[{"href":"https:\/\/dgospel.com.br\/portal\/index.php\/wp-json\/wp\/v2\/posts\/13713"}],"collection":[{"href":"https:\/\/dgospel.com.br\/portal\/index.php\/wp-json\/wp\/v2\/posts"}],"about":[{"href":"https:\/\/dgospel.com.br\/portal\/index.php\/wp-json\/wp\/v2\/types\/post"}],"author":[{"embeddable":true,"href":"https:\/\/dgospel.com.br\/portal\/index.php\/wp-json\/wp\/v2\/users\/2"}],"replies":[{"embeddable":true,"href":"https:\/\/dgospel.com.br\/portal\/index.php\/wp-json\/wp\/v2\/comments?post=13713"}],"version-history":[{"count":1,"href":"https:\/\/dgospel.com.br\/portal\/index.php\/wp-json\/wp\/v2\/posts\/13713\/revisions"}],"predecessor-version":[{"id":13715,"href":"https:\/\/dgospel.com.br\/portal\/index.php\/wp-json\/wp\/v2\/posts\/13713\/revisions\/13715"}],"wp:featuredmedia":[{"embeddable":true,"href":"https:\/\/dgospel.com.br\/portal\/index.php\/wp-json\/wp\/v2\/media\/13714"}],"wp:attachment":[{"href":"https:\/\/dgospel.com.br\/portal\/index.php\/wp-json\/wp\/v2\/media?parent=13713"}],"wp:term":[{"taxonomy":"category","embeddable":true,"href":"https:\/\/dgospel.com.br\/portal\/index.php\/wp-json\/wp\/v2\/categories?post=13713"},{"taxonomy":"post_tag","embeddable":true,"href":"https:\/\/dgospel.com.br\/portal\/index.php\/wp-json\/wp\/v2\/tags?post=13713"}],"curies":[{"name":"wp","href":"https:\/\/api.w.org\/{rel}","templated":true}]}}