{"id":1372,"date":"2018-09-19T15:26:16","date_gmt":"2018-09-19T18:26:16","guid":{"rendered":"http:\/\/dgospel.com.br\/portal\/?p=1372"},"modified":"2018-09-19T15:26:16","modified_gmt":"2018-09-19T18:26:16","slug":"carlesse-segue-em-sao-paulo-e-aguarda-alta-medica-da-mae-para-retornar-ao-to","status":"publish","type":"post","link":"https:\/\/dgospel.com.br\/portal\/index.php\/2018\/09\/19\/carlesse-segue-em-sao-paulo-e-aguarda-alta-medica-da-mae-para-retornar-ao-to\/","title":{"rendered":"Carlesse segue em S\u00e3o Paulo e aguarda alta m\u00e9dica da m\u00e3e para retornar ao TO"},"content":{"rendered":"<p class=\"yiv2195641636MsoNormal\">O governador e candidato \u00e0 reelei\u00e7\u00e3o, Mauro Carlesse, prossegue na manh\u00e3 desta quarta-feira, 19, em S\u00e3o Paulo onde acompanha a evolu\u00e7\u00e3o do quadro de sa\u00fade de sua m\u00e3e, dona Maria Ol\u00edvia Carlesse, de 82 anos, que est\u00e1 internada na UTI desde a \u00faltima segunda-feira, 17. Mauro Carlesse viajou para S\u00e3o Paulo ainda na noite do dia 17 e passou toda a ter\u00e7a-feira na Capital Paulista aguardando pela melhora do estado de sa\u00fade de dona Ol\u00edvia Carlesse.<\/p>\n<p class=\"yiv2195641636MsoNormal\">Esta foi a segunda interna\u00e7\u00e3o na UTI em menos de uma semana devido um dist\u00farbio no intestino que causou sangramento, um quadro considerado grave pelos m\u00e9dicos, mas que foi controlado.<\/p>\n<p class=\"yiv2195641636MsoNormal\">De acordo com informa\u00e7\u00f5es da equipe m\u00e9dica, h\u00e1 a possibilidade de dona Ol\u00edvia Carlesse receber alta ainda nesta quarta-feira, possivelmente no fim do dia, mas isso vai depender da avalia\u00e7\u00e3o da equipe m\u00e9dica. O governador Mauro Carlesse aguarda a decis\u00e3o dos m\u00e9dicos para retornar ao Tocantins.<\/p>\n","protected":false},"excerpt":{"rendered":"<p>O governador e candidato \u00e0 reelei\u00e7\u00e3o, Mauro Carlesse, prossegue na manh\u00e3 desta quarta-feira, 19, em S\u00e3o Paulo onde acompanha a evolu\u00e7\u00e3o do quadro de sa\u00fade de sua m\u00e3e, dona Maria Ol\u00edvia Carlesse, de 82 anos, que est\u00e1 internada na UTI desde a \u00faltima segunda-feira, 17. Mauro Carlesse viajou para S\u00e3o Paulo ainda na noite do [&hellip;]<\/p>\n","protected":false},"author":2,"featured_media":1373,"comment_status":"open","ping_status":"open","sticky":false,"template":"","format":"standard","meta":[],"categories":[2,3],"tags":[],"_links":{"self":[{"href":"https:\/\/dgospel.com.br\/portal\/index.php\/wp-json\/wp\/v2\/posts\/1372"}],"collection":[{"href":"https:\/\/dgospel.com.br\/portal\/index.php\/wp-json\/wp\/v2\/posts"}],"about":[{"href":"https:\/\/dgospel.com.br\/portal\/index.php\/wp-json\/wp\/v2\/types\/post"}],"author":[{"embeddable":true,"href":"https:\/\/dgospel.com.br\/portal\/index.php\/wp-json\/wp\/v2\/users\/2"}],"replies":[{"embeddable":true,"href":"https:\/\/dgospel.com.br\/portal\/index.php\/wp-json\/wp\/v2\/comments?post=1372"}],"version-history":[{"count":1,"href":"https:\/\/dgospel.com.br\/portal\/index.php\/wp-json\/wp\/v2\/posts\/1372\/revisions"}],"predecessor-version":[{"id":1374,"href":"https:\/\/dgospel.com.br\/portal\/index.php\/wp-json\/wp\/v2\/posts\/1372\/revisions\/1374"}],"wp:featuredmedia":[{"embeddable":true,"href":"https:\/\/dgospel.com.br\/portal\/index.php\/wp-json\/wp\/v2\/media\/1373"}],"wp:attachment":[{"href":"https:\/\/dgospel.com.br\/portal\/index.php\/wp-json\/wp\/v2\/media?parent=1372"}],"wp:term":[{"taxonomy":"category","embeddable":true,"href":"https:\/\/dgospel.com.br\/portal\/index.php\/wp-json\/wp\/v2\/categories?post=1372"},{"taxonomy":"post_tag","embeddable":true,"href":"https:\/\/dgospel.com.br\/portal\/index.php\/wp-json\/wp\/v2\/tags?post=1372"}],"curies":[{"name":"wp","href":"https:\/\/api.w.org\/{rel}","templated":true}]}}