{"id":13728,"date":"2022-12-01T11:25:56","date_gmt":"2022-12-01T14:25:56","guid":{"rendered":"http:\/\/dgospel.com.br\/portal\/?p=13728"},"modified":"2022-12-01T11:25:58","modified_gmt":"2022-12-01T14:25:58","slug":"coronel-montenegro-lula-vem-acompanhado-de-gente-da-pior-estirpe","status":"publish","type":"post","link":"https:\/\/dgospel.com.br\/portal\/index.php\/2022\/12\/01\/coronel-montenegro-lula-vem-acompanhado-de-gente-da-pior-estirpe\/","title":{"rendered":"Coronel Montenegro: \u2018Lula vem acompanhado de gente da pior estirpe\u2019"},"content":{"rendered":"\n<p>Em raz\u00e3o da falta de isonomia no processo eleitoral, milhares de brasileiros ocuparam as portas dos quart\u00e9is espalhados pelo Brasil. Os manifestantes pedem \u00e0s&nbsp;<a href=\"https:\/\/www.gov.br\/defesa\/pt-br\/assuntos\/estado-maior-conjunto-das-forcas-armadas\" target=\"_blank\" rel=\"noreferrer noopener\"><strong>For\u00e7as Armadas<\/strong><\/a>&nbsp;que haja uma resolu\u00e7\u00e3o para o impasse. Dentro do Ex\u00e9rcito, no entanto, os militares ainda n\u00e3o chegaram a um consenso sobre qual seria a solu\u00e7\u00e3o adequada.<\/p>\n\n\n\n<p>Para o coronel Fernando Montenegro, tal decis\u00e3o depender\u00e1 de um acordo no Alto Comando das tr\u00eas For\u00e7as Armadas \u2014 Marinha, Aeron\u00e1utica e Ex\u00e9rcito. O militar afirmou, durante entrevista ao&nbsp;<strong>Oeste Sem Filtro<\/strong>, que existe a possibilidade de uma interven\u00e7\u00e3o militar no pa\u00eds. Isso porque \u201cmuitos militares v\u00e3o se sentir afrontados de prestar contin\u00eancia\u201d para Luiz In\u00e1cio Lula da Silva (PT), visto que o petista tem um passado ligado a diversos crimes.<\/p>\n\n\n\n<p>A seguir, os principais trechos da entrevista.<\/p>\n\n\n\n<p><strong>Existe algum debate interno no Alto Comando das For\u00e7as Armadas sobre eventual interven\u00e7\u00e3o militar?<\/strong><\/p>\n\n\n\n<p>Acredito que sim. H\u00e1 uma discuss\u00e3o interna no Alto Comando das For\u00e7as Armadas. Alguns acreditam que sim, \u00e9 hora de fazer alguma coisa mais assertiva, enquanto outros n\u00e3o parecem ser favor\u00e1veis a esse tipo de atua\u00e7\u00e3o.<\/p>\n\n\n\n<p><strong>Houve uma ruptura institucional no Brasil por parte do Supremo Tribunal Federal?<\/strong><\/p>\n\n\n\n<p>Essa ruptura j\u00e1 aconteceu h\u00e1 bastante tempo. A gente vem num processo que eu chamaria de golpe sist\u00eamico. O Judici\u00e1rio criou cambalhotas jur\u00eddicas para descondenar uma pessoa que tinha sido condenada por v\u00e1rios ju\u00edzes. Na sequ\u00eancia, criou-se uma outra ruptura da Constitui\u00e7\u00e3o, justamente calando a liberdade de v\u00e1rias pessoas. Criou-se um processo que, para o presidente Lula ser preso, tiveram de ser feitas v\u00e1rias dela\u00e7\u00f5es, pilhas e pilhas de documentos etc. No entanto, nossos ministros da Suprema Corte podem prender a pessoa instantaneamente, n\u00e9? Durante uma&nbsp;<em>live<\/em>, por exemplo. At\u00e9 parlamentares, que t\u00eam a imunidade parlamentar garantida. Isso a\u00ed n\u00e3o foi respeitado. Depois, temos um TSE que adotou um lado partid\u00e1rio.<\/p>\n\n\n\n<p><strong>Como os militares que est\u00e3o nos quart\u00e9is se sentem com essas manifesta\u00e7\u00f5es?<\/strong><\/p>\n\n\n\n<p>Existem diferentes percep\u00e7\u00f5es. Acredito que muita gente \u00e9 a favor de um tipo de a\u00e7\u00e3o assertiva. Outros ainda est\u00e3o esperando n\u00e3o sei o qu\u00ea, algo como esticar a corda \u2014 mais do que j\u00e1 est\u00e1 esticada. Vou usar uma met\u00e1fora para comentar uma impress\u00e3o minha e de outras pessoas. A Fran\u00e7a, na d\u00e9cada de 1930, tinha um general muito famoso por servi\u00e7os prestados, o Petain. Era conhecido como Uni\u00e3o de Verdun, um her\u00f3i da Fran\u00e7a na Primeira Guerra Mundial. Era uma pessoa com uma ficha ilibada de servi\u00e7os prestados ao pa\u00eds, tinha alto prest\u00edgio. Mas isso se tornou irrelevante quando a Fran\u00e7a foi invadida pela Alemanha. A Fran\u00e7a teve um desempenho pat\u00e9tico na Segunda Guerra Mundial. E Petain, ao inv\u00e9s de combater, preferiu fazer um acordo com os nazistas. A\u00ed, foi criado a Rep\u00fablica da Fran\u00e7a de Vichy, que era completamente subserviente aos nazistas, colaboracionista com os nazistas na deporta\u00e7\u00e3o dos judeus para os campos de concentra\u00e7\u00e3o. Ent\u00e3o, Petain conseguiu ir para a hist\u00f3ria como um colaborador nazista. Em determinado momento hist\u00f3rico, o que algumas pessoas fizeram no passado se torna irrelevante. Elas t\u00eam de escolher um lado. E o Brasil hoje est\u00e1 em uma encruzilhada que \u00e9 muito complicada. N\u00e3o vejo como dar certo o&nbsp;<em>statu quo<\/em>&nbsp;que se pretende manter a partir do resultado dessa elei\u00e7\u00e3o \u201cdemocr\u00e1tica\u201d, que \u00e9 uma elei\u00e7\u00e3o que se faz quest\u00e3o de manter inaudit\u00e1vel. Ent\u00e3o, n\u00e3o faz muito sentido. Acho que isso \u00e9 a causa da indigna\u00e7\u00e3o de v\u00e1rios brasileiros. Espero que, no Brasil, algumas pessoas n\u00e3o fa\u00e7am a op\u00e7\u00e3o de Petain.<\/p>\n\n\n\n<p><strong>O senhor acha que decis\u00f5es judiciais ilegais devem ser cumpridas?<\/strong><\/p>\n\n\n\n<p>Quando a gente entra no Ex\u00e9rcito, a primeira coisa que a gente aprende \u00e9 que ordem ilegal n\u00e3o se cumpre. E se algu\u00e9m quer escalar a crise, voc\u00ea fala: \u201cT\u00e1 bom, acho que essa ordem \u00e9 ilegal\u201d. Voc\u00ea pode at\u00e9 pedir a ordem por escrito e ver se a pessoa resolve escrever. Mas, em princ\u00edpio, a gente n\u00e3o cumpre ordem ilegal.<\/p>\n\n\n\n<p><strong>Como os militares devem se comportar em crises institucionais?<\/strong><\/p>\n\n\n\n<p>Hoje em dia, existe uma press\u00e3o interna. Pode ser que ecloda alguma coisa antes de 12 de dezembro [<em>quando Lula deve ser diplomado<\/em>]. A probabilidade de isso acontecer no ano que vem, caso o Lula tome posse, \u00e9 bem maior. V\u00e1rias pessoas n\u00e3o v\u00e3o ter est\u00f4mago, por exemplo, para prestar contin\u00eancia, para fazer uma Guarda de Honra para o Lula. E o pior, o presidente eleito est\u00e1 vindo acompanhado de um grupo da pior estirpe. V\u00e1rias pessoas condenadas por crimes. Nas For\u00e7as Armadas e nas pol\u00edcias, para voc\u00ea ingressar, tem de apresentar o atestado de bons antecedentes criminais. Como \u00e9 que voc\u00ea vai imaginar na Academia das Agulhas Negras, no evento de entrega dos padrinhos para os cadetes, o cadete fazer o juramento dele e ver, no palanque, um descondenado? Isso da\u00ed \u00e9 uma coisa muito visceral para que seja aceito dentro das For\u00e7as Armadas. Ent\u00e3o, a possibilidade de come\u00e7ar a ter problemas internos \u00e9 muito grande.<\/p>\n","protected":false},"excerpt":{"rendered":"<p>Em raz\u00e3o da falta de isonomia no processo eleitoral, milhares de brasileiros ocuparam as portas dos quart\u00e9is espalhados pelo Brasil. Os manifestantes pedem \u00e0s&nbsp;For\u00e7as Armadas&nbsp;que haja uma resolu\u00e7\u00e3o para o impasse. Dentro do Ex\u00e9rcito, no entanto, os militares ainda n\u00e3o chegaram a um consenso sobre qual seria a solu\u00e7\u00e3o adequada. Para o coronel Fernando Montenegro, [&hellip;]<\/p>\n","protected":false},"author":2,"featured_media":13729,"comment_status":"open","ping_status":"open","sticky":false,"template":"","format":"standard","meta":[],"categories":[4],"tags":[],"_links":{"self":[{"href":"https:\/\/dgospel.com.br\/portal\/index.php\/wp-json\/wp\/v2\/posts\/13728"}],"collection":[{"href":"https:\/\/dgospel.com.br\/portal\/index.php\/wp-json\/wp\/v2\/posts"}],"about":[{"href":"https:\/\/dgospel.com.br\/portal\/index.php\/wp-json\/wp\/v2\/types\/post"}],"author":[{"embeddable":true,"href":"https:\/\/dgospel.com.br\/portal\/index.php\/wp-json\/wp\/v2\/users\/2"}],"replies":[{"embeddable":true,"href":"https:\/\/dgospel.com.br\/portal\/index.php\/wp-json\/wp\/v2\/comments?post=13728"}],"version-history":[{"count":1,"href":"https:\/\/dgospel.com.br\/portal\/index.php\/wp-json\/wp\/v2\/posts\/13728\/revisions"}],"predecessor-version":[{"id":13730,"href":"https:\/\/dgospel.com.br\/portal\/index.php\/wp-json\/wp\/v2\/posts\/13728\/revisions\/13730"}],"wp:featuredmedia":[{"embeddable":true,"href":"https:\/\/dgospel.com.br\/portal\/index.php\/wp-json\/wp\/v2\/media\/13729"}],"wp:attachment":[{"href":"https:\/\/dgospel.com.br\/portal\/index.php\/wp-json\/wp\/v2\/media?parent=13728"}],"wp:term":[{"taxonomy":"category","embeddable":true,"href":"https:\/\/dgospel.com.br\/portal\/index.php\/wp-json\/wp\/v2\/categories?post=13728"},{"taxonomy":"post_tag","embeddable":true,"href":"https:\/\/dgospel.com.br\/portal\/index.php\/wp-json\/wp\/v2\/tags?post=13728"}],"curies":[{"name":"wp","href":"https:\/\/api.w.org\/{rel}","templated":true}]}}