{"id":13737,"date":"2022-12-01T12:43:42","date_gmt":"2022-12-01T15:43:42","guid":{"rendered":"http:\/\/dgospel.com.br\/portal\/?p=13737"},"modified":"2022-12-01T12:43:42","modified_gmt":"2022-12-01T15:43:42","slug":"pib-avanca-pelo-quinto-trimestre-seguido-e-vai-ao-maior-patamar-desde-1996-mostra-ibge","status":"publish","type":"post","link":"https:\/\/dgospel.com.br\/portal\/index.php\/2022\/12\/01\/pib-avanca-pelo-quinto-trimestre-seguido-e-vai-ao-maior-patamar-desde-1996-mostra-ibge\/","title":{"rendered":"PIB avan\u00e7a pelo quinto trimestre seguido e vai ao maior patamar desde 1996, mostra IBGE"},"content":{"rendered":"\n<p>A&nbsp;<strong>economia brasileira cresceu 0,4% no terceiro trimestre de 2022<\/strong>, na compara\u00e7\u00e3o com os tr\u00eas meses anteriores, conforme mostram dados divulgados nesta quinta-feira (1\u00ba) pelo&nbsp;<strong>IBGE (Instituto Brasileiro de Geografia e Estat\u00edstica)<\/strong>.<\/p>\n\n\n\n<p>O resultado, fruto da&nbsp;<strong>produ\u00e7\u00e3o de R$ 2,5 trilh\u00f5es entre julho e setembro<\/strong>, faz o&nbsp;<strong>PIB (Produto Interno Bruto)<\/strong>&nbsp;\u2014 soma de todos bens e servi\u00e7os finais feitos no pa\u00eds \u2014&nbsp;<strong>alcan\u00e7ar o maior patamar da s\u00e9rie hist\u00f3rica, iniciada em 1996<\/strong>.<\/p>\n\n\n\n<p>A&nbsp;<strong>quinta varia\u00e7\u00e3o positiva da economia nacional<\/strong>&nbsp;representa uma desacelera\u00e7\u00e3o frente aos quatro trimestres anteriores, quando a economia nacional avan\u00e7ou 0,4%, 0,9%, 1,3% e 1%, respectivamente.<\/p>\n\n\n\n<p>Al\u00e9m de atingir o maior n\u00edvel da s\u00e9rie, o PIB&nbsp;<strong>figura em um patamar 4,5% acima do registrado na pr\u00e9-pandemia<\/strong>, calculado no quarto trimestre de 2019. No terceiro trimestre, a&nbsp;<strong>varia\u00e7\u00e3o positiva foi influenciada pelos resultados dos servi\u00e7os (+1,1%) e da ind\u00fastria (+0,8%)<\/strong>, enquanto a agropecu\u00e1ria recuou 0,9%.<\/p>\n\n\n\n<p>Antonio van Moorsel, diretor do Advisory e s\u00f3cio da Acqua Vero Investimentos, avalia que a perda de for\u00e7a da atividade econ\u00f4mica ocorre\u00a0em virtude da deteriora\u00e7\u00e3o da conjuntura macroecon\u00f4mica, caracterizada pela infla\u00e7\u00e3o resiliente e pelo aperto das condi\u00e7\u00f5es financeiras das fam\u00edlias.<\/p>\n\n\n\n<p>&#8220;Apesar do crescimento da massa salarial real e da forte expans\u00e3o fiscal em curso, houve queda na produ\u00e7\u00e3o industrial e no consumo de bens c\u00edclicos e revers\u00e3o nos indicadores de confian\u00e7a. Ademais, o alto endividamento das fam\u00edlias e a desacelera\u00e7\u00e3o no crescimento das concess\u00f5es de cr\u00e9dito para consumo corroboram a queda no com\u00e9rcio varejista&#8221;, afirma ele.<\/p>\n\n\n\n<p>Dentro do setor de servi\u00e7os, a alta foi puxada pelas \u00e1reas de comunica\u00e7\u00e3o (+3,6%,) atividades financeiras, de seguros e servi\u00e7os relacionados (+1,5%) e atividades imobili\u00e1rias (+1,4%). O segmento de outras atividades de servi\u00e7os (+1,4%), que representa cerca de 23% do total do setor, tamb\u00e9m cresceu.<\/p>\n\n\n\n<p>\u201cAs outras atividades de servi\u00e7os j\u00e1 v\u00eam se recuperando h\u00e1 algum tempo, com a retomada de servi\u00e7os presenciais que tinham demanda represada durante a pandemia\u201d, explica&nbsp;Rebeca Palis, coordenadora de contas nacionais do IBGE.<\/p>\n\n\n\n<p>Na contram\u00e3o, o \u00fanico\u00a0segmento dos servi\u00e7os que ficou no campo negativo foi o com\u00e9rcio, que variou -0,1%. \u201cEsse \u00e9 um cen\u00e1rio que j\u00e1 v\u00ednhamos observando na Pesquisa Mensal de Com\u00e9rcio. O resultado reflete a realoca\u00e7\u00e3o do consumo das fam\u00edlias dos bens para os servi\u00e7os\u201d, destaca Rebeca.<\/p>\n\n\n\n<p>Moorsel observa que o varejo e a ind\u00fastria est\u00e3o enfraquecidos e caminham em sentido oposto ao observado pelo setor de servi\u00e7os, impulsionado pelo arrefecimento da pandemia e pela menor depend\u00eancia de cr\u00e9dito. Na avalia\u00e7\u00e3o dele, o ramo respons\u00e1vel por 70% do PIB tamb\u00e9m perde f\u00f4lego.<\/p>\n\n\n\n<p>&#8220;Os \u00faltimos dados divulgados sinalizam a manuten\u00e7\u00e3o da tend\u00eancia de perda de \u00edmpeto, em decorr\u00eancia da infla\u00e7\u00e3o corrente elevada, expectativas desancoradas, recuo dos \u00edndices de confian\u00e7a e a campanha agressiva de alta de juros promovida pelo BC&#8221;, explica ele.<\/p>\n\n\n\n<p><\/p>\n\n\n\n<ul><li><\/li><\/ul>\n","protected":false},"excerpt":{"rendered":"<p>A&nbsp;economia brasileira cresceu 0,4% no terceiro trimestre de 2022, na compara\u00e7\u00e3o com os tr\u00eas meses anteriores, conforme mostram dados divulgados nesta quinta-feira (1\u00ba) pelo&nbsp;IBGE (Instituto Brasileiro de Geografia e Estat\u00edstica). O resultado, fruto da&nbsp;produ\u00e7\u00e3o de R$ 2,5 trilh\u00f5es entre julho e setembro, faz o&nbsp;PIB (Produto Interno Bruto)&nbsp;\u2014 soma de todos bens e servi\u00e7os finais feitos [&hellip;]<\/p>\n","protected":false},"author":2,"featured_media":13735,"comment_status":"open","ping_status":"open","sticky":false,"template":"","format":"standard","meta":[],"categories":[10],"tags":[],"_links":{"self":[{"href":"https:\/\/dgospel.com.br\/portal\/index.php\/wp-json\/wp\/v2\/posts\/13737"}],"collection":[{"href":"https:\/\/dgospel.com.br\/portal\/index.php\/wp-json\/wp\/v2\/posts"}],"about":[{"href":"https:\/\/dgospel.com.br\/portal\/index.php\/wp-json\/wp\/v2\/types\/post"}],"author":[{"embeddable":true,"href":"https:\/\/dgospel.com.br\/portal\/index.php\/wp-json\/wp\/v2\/users\/2"}],"replies":[{"embeddable":true,"href":"https:\/\/dgospel.com.br\/portal\/index.php\/wp-json\/wp\/v2\/comments?post=13737"}],"version-history":[{"count":1,"href":"https:\/\/dgospel.com.br\/portal\/index.php\/wp-json\/wp\/v2\/posts\/13737\/revisions"}],"predecessor-version":[{"id":13738,"href":"https:\/\/dgospel.com.br\/portal\/index.php\/wp-json\/wp\/v2\/posts\/13737\/revisions\/13738"}],"wp:featuredmedia":[{"embeddable":true,"href":"https:\/\/dgospel.com.br\/portal\/index.php\/wp-json\/wp\/v2\/media\/13735"}],"wp:attachment":[{"href":"https:\/\/dgospel.com.br\/portal\/index.php\/wp-json\/wp\/v2\/media?parent=13737"}],"wp:term":[{"taxonomy":"category","embeddable":true,"href":"https:\/\/dgospel.com.br\/portal\/index.php\/wp-json\/wp\/v2\/categories?post=13737"},{"taxonomy":"post_tag","embeddable":true,"href":"https:\/\/dgospel.com.br\/portal\/index.php\/wp-json\/wp\/v2\/tags?post=13737"}],"curies":[{"name":"wp","href":"https:\/\/api.w.org\/{rel}","templated":true}]}}