{"id":13739,"date":"2022-12-05T16:20:14","date_gmt":"2022-12-05T19:20:14","guid":{"rendered":"http:\/\/dgospel.com.br\/portal\/?p=13739"},"modified":"2022-12-05T16:20:15","modified_gmt":"2022-12-05T19:20:15","slug":"transicao-avalia-desmilitarizar-seguranca-presidencial-com-lula","status":"publish","type":"post","link":"https:\/\/dgospel.com.br\/portal\/index.php\/2022\/12\/05\/transicao-avalia-desmilitarizar-seguranca-presidencial-com-lula\/","title":{"rendered":"Transi\u00e7\u00e3o avalia desmilitarizar seguran\u00e7a presidencial com Lula"},"content":{"rendered":"\n<p>Liderado pelo vice-presidente eleito, Geraldo Alckmin (PSB), o governo de transi\u00e7\u00e3o avaliar tirar o Gabinete de Seguran\u00e7a Institucional (GSI) das m\u00e3os de um militar. \u00c9 poss\u00edvel que a equipe t\u00e9cnica indique um civil para o cargo. As informa\u00e7\u00f5es s\u00e3o do Poder360.<\/p>\n\n\n\n<p>Se for acatada pelo Grupo T\u00e9cnico (GT) de Intelig\u00eancia Estrat\u00e9gica, a proposta ter\u00e1 que ser analisada pela c\u00fapula do governo. Caber\u00e1 a Lula decidir.<\/p>\n\n\n\n<p>No governo de Jair Bolsonaro (PL), o GSI est\u00e1 sob o comandado do general Augusto Heleno.<\/p>\n","protected":false},"excerpt":{"rendered":"<p>Liderado pelo vice-presidente eleito, Geraldo Alckmin (PSB), o governo de transi\u00e7\u00e3o avaliar tirar o Gabinete de Seguran\u00e7a Institucional (GSI) das m\u00e3os de um militar. \u00c9 poss\u00edvel que a equipe t\u00e9cnica indique um civil para o cargo. As informa\u00e7\u00f5es s\u00e3o do Poder360. Se for acatada pelo Grupo T\u00e9cnico (GT) de Intelig\u00eancia Estrat\u00e9gica, a proposta ter\u00e1 que [&hellip;]<\/p>\n","protected":false},"author":2,"featured_media":13740,"comment_status":"open","ping_status":"open","sticky":false,"template":"","format":"standard","meta":[],"categories":[4],"tags":[],"_links":{"self":[{"href":"https:\/\/dgospel.com.br\/portal\/index.php\/wp-json\/wp\/v2\/posts\/13739"}],"collection":[{"href":"https:\/\/dgospel.com.br\/portal\/index.php\/wp-json\/wp\/v2\/posts"}],"about":[{"href":"https:\/\/dgospel.com.br\/portal\/index.php\/wp-json\/wp\/v2\/types\/post"}],"author":[{"embeddable":true,"href":"https:\/\/dgospel.com.br\/portal\/index.php\/wp-json\/wp\/v2\/users\/2"}],"replies":[{"embeddable":true,"href":"https:\/\/dgospel.com.br\/portal\/index.php\/wp-json\/wp\/v2\/comments?post=13739"}],"version-history":[{"count":1,"href":"https:\/\/dgospel.com.br\/portal\/index.php\/wp-json\/wp\/v2\/posts\/13739\/revisions"}],"predecessor-version":[{"id":13741,"href":"https:\/\/dgospel.com.br\/portal\/index.php\/wp-json\/wp\/v2\/posts\/13739\/revisions\/13741"}],"wp:featuredmedia":[{"embeddable":true,"href":"https:\/\/dgospel.com.br\/portal\/index.php\/wp-json\/wp\/v2\/media\/13740"}],"wp:attachment":[{"href":"https:\/\/dgospel.com.br\/portal\/index.php\/wp-json\/wp\/v2\/media?parent=13739"}],"wp:term":[{"taxonomy":"category","embeddable":true,"href":"https:\/\/dgospel.com.br\/portal\/index.php\/wp-json\/wp\/v2\/categories?post=13739"},{"taxonomy":"post_tag","embeddable":true,"href":"https:\/\/dgospel.com.br\/portal\/index.php\/wp-json\/wp\/v2\/tags?post=13739"}],"curies":[{"name":"wp","href":"https:\/\/api.w.org\/{rel}","templated":true}]}}