{"id":13742,"date":"2022-12-05T16:33:27","date_gmt":"2022-12-05T19:33:27","guid":{"rendered":"http:\/\/dgospel.com.br\/portal\/?p=13742"},"modified":"2022-12-05T16:33:28","modified_gmt":"2022-12-05T19:33:28","slug":"candidatos-a-lideranca-da-frente-evangelica-apoiam-bolsonaro","status":"publish","type":"post","link":"https:\/\/dgospel.com.br\/portal\/index.php\/2022\/12\/05\/candidatos-a-lideranca-da-frente-evangelica-apoiam-bolsonaro\/","title":{"rendered":"Candidatos \u00e0 lideran\u00e7a da Frente Evang\u00e9lica apoiam Bolsonaro"},"content":{"rendered":"\n<p>A Frente Parlamentar Evang\u00e9lica (FPE) para o pr\u00f3ximo mandato ter\u00e1 102 deputados federais e 13 senadores. O atual presidente do grupo, deputado federal S\u00f3stenes Cavalcante (PL-RJ), \u00e9 um dos maiores cr\u00edticos ao presidente eleito Luiz In\u00e1cio Lula da Silva (PT) e deve se candidatar para ser o vice-presidente da C\u00e2mara, na chapa \u00e0 reelei\u00e7\u00e3o de Arthur Lira (PP-AL).<\/p>\n\n\n\n<p>Cavalcante ser\u00e1 substitu\u00eddo na FPE em fevereiro e h\u00e1 quatro parlamentares interessados no comando da bancada: o senador Carlos Viana (PL-MG) e os deputados Otoni de Paula (MDB-RJ), Eli Borges (PL-TO) e Silas C\u00e2mara (Republicanos-AM).<\/p>\n\n\n\n<p>S\u00f3stenes adianta que o grupo ter\u00e1 a miss\u00e3o de ser oposi\u00e7\u00e3o ao governo Lula e, principalmente, defender as pautas conservadoras.<\/p>\n\n\n\n<p>\u2013 A Frente nasceu no in\u00edcio do primeiro governo Lula, em 2002, para ser uma resist\u00eancia ideol\u00f3gica ao conjunto de pol\u00edticas p\u00fablicas da esquerda. Agora, mais que nunca, lutar\u00e1 pelos valores crist\u00e3os \u2013 revelou S\u00f3stenes ao jornal Extra.<\/p>\n\n\n\n<p>Todos os candidatos s\u00e3o apoiadores de Jair Bolsonaro e defendem a vida, a fam\u00edlia e a propriedade privada.<\/p>\n\n\n\n<p>Otoni de Paula, por exemplo, j\u00e1 adianta que o grupo vai priorizar as \u201cpautas para o Brasil avan\u00e7ar\u201d. Em fevereiro, ele e os demais interessados ao posto, disputar\u00e3o a lideran\u00e7a do grupo que equivale a 20% da C\u00e2mara e 16% do Senado.<\/p>\n","protected":false},"excerpt":{"rendered":"<p>A Frente Parlamentar Evang\u00e9lica (FPE) para o pr\u00f3ximo mandato ter\u00e1 102 deputados federais e 13 senadores. O atual presidente do grupo, deputado federal S\u00f3stenes Cavalcante (PL-RJ), \u00e9 um dos maiores cr\u00edticos ao presidente eleito Luiz In\u00e1cio Lula da Silva (PT) e deve se candidatar para ser o vice-presidente da C\u00e2mara, na chapa \u00e0 reelei\u00e7\u00e3o de [&hellip;]<\/p>\n","protected":false},"author":2,"featured_media":13743,"comment_status":"open","ping_status":"open","sticky":false,"template":"","format":"standard","meta":[],"categories":[4],"tags":[13],"_links":{"self":[{"href":"https:\/\/dgospel.com.br\/portal\/index.php\/wp-json\/wp\/v2\/posts\/13742"}],"collection":[{"href":"https:\/\/dgospel.com.br\/portal\/index.php\/wp-json\/wp\/v2\/posts"}],"about":[{"href":"https:\/\/dgospel.com.br\/portal\/index.php\/wp-json\/wp\/v2\/types\/post"}],"author":[{"embeddable":true,"href":"https:\/\/dgospel.com.br\/portal\/index.php\/wp-json\/wp\/v2\/users\/2"}],"replies":[{"embeddable":true,"href":"https:\/\/dgospel.com.br\/portal\/index.php\/wp-json\/wp\/v2\/comments?post=13742"}],"version-history":[{"count":1,"href":"https:\/\/dgospel.com.br\/portal\/index.php\/wp-json\/wp\/v2\/posts\/13742\/revisions"}],"predecessor-version":[{"id":13744,"href":"https:\/\/dgospel.com.br\/portal\/index.php\/wp-json\/wp\/v2\/posts\/13742\/revisions\/13744"}],"wp:featuredmedia":[{"embeddable":true,"href":"https:\/\/dgospel.com.br\/portal\/index.php\/wp-json\/wp\/v2\/media\/13743"}],"wp:attachment":[{"href":"https:\/\/dgospel.com.br\/portal\/index.php\/wp-json\/wp\/v2\/media?parent=13742"}],"wp:term":[{"taxonomy":"category","embeddable":true,"href":"https:\/\/dgospel.com.br\/portal\/index.php\/wp-json\/wp\/v2\/categories?post=13742"},{"taxonomy":"post_tag","embeddable":true,"href":"https:\/\/dgospel.com.br\/portal\/index.php\/wp-json\/wp\/v2\/tags?post=13742"}],"curies":[{"name":"wp","href":"https:\/\/api.w.org\/{rel}","templated":true}]}}