{"id":13745,"date":"2022-12-05T16:42:40","date_gmt":"2022-12-05T19:42:40","guid":{"rendered":"http:\/\/dgospel.com.br\/portal\/?p=13745"},"modified":"2022-12-05T16:42:41","modified_gmt":"2022-12-05T19:42:41","slug":"moraes-manda-bloquear-redes-sociais-de-bia-kicis","status":"publish","type":"post","link":"https:\/\/dgospel.com.br\/portal\/index.php\/2022\/12\/05\/moraes-manda-bloquear-redes-sociais-de-bia-kicis\/","title":{"rendered":"Moraes manda bloquear redes sociais de Bia Kicis"},"content":{"rendered":"\n<p>O ministro Alexandre de Moraes, do&nbsp;<a href=\"https:\/\/portal.stf.jus.br\/\" target=\"_blank\" rel=\"noreferrer noopener\"><strong>Supremo Tribunal Federal (STF)<\/strong><\/a>, mandou bloquear todas as redes sociais da deputada federal Bia Kicis (PL-DF). A informa\u00e7\u00e3o foi divulgada nesta segunda-feira, 5, no perfil do Twitter da pr\u00f3pria parlamentar.<\/p>\n\n\n\n<p>\u201cAcabo de ser informada que Moraes mandou bloquear todas as minhas redes sociais\u201d, escreveu Bia. \u201cSem contradit\u00f3rio, sem nada. Certamente por eu tanto denunciar a tirania hoje reinante no Brasil. Aonde vamos parar?\u201d<\/p>\n\n\n\n<p>Segundo Bia, a censura contra um deputado, al\u00e9m de ser grave e inconstitucional, \u00e9 uma \u201cinterfer\u00eancia na atividade de Parlamento, o que \u00e9 um atentado \u00e0 democracia e \u00e0 separa\u00e7\u00e3o dos Poderes\u201d.<\/p>\n\n\n\n<h2>Perfis de Bia saem do ar<\/h2>\n\n\n\n<p>At\u00e9 a atualiza\u00e7\u00e3o desta reportagem, o perfil oficial da parlamentar no Twitter saiu do ar. \u201cA conta foi retida no Brasil em resposta a uma demanda legal\u201d, informou a rede social.<\/p>\n\n\n<div class=\"wp-block-image\">\n<figure class=\"aligncenter\"><img src=\"https:\/\/medias.revistaoeste.com\/media-prod\/wp-content\/uploads\/2022\/12\/captura-de-tela-2022-12-05-140545.png\" alt=\"\" class=\"wp-image-676504\"\/><\/figure><\/div>\n\n\n<h3>Perfis de Zambelli s\u00e3o censurados<\/h3>\n\n\n\n<p><a href=\"https:\/\/revistaoeste.com\/brasil\/tse-proibe-carla-zambelli-de-criar-novas-contas-em-redes-sociais\/\" target=\"_blank\" rel=\"noreferrer noopener\"><strong>Em 1\u00b0 de novembro<\/strong><\/a>, a deputada federal Carla Zambelli (PL-SP) teve suas contas no YouTube, no Facebook, no Instagram, no Twitter, no Telegram, no Tiktok e no LinkedIn removidas por determina\u00e7\u00e3o do Tribun<\/p>\n","protected":false},"excerpt":{"rendered":"<p>O ministro Alexandre de Moraes, do&nbsp;Supremo Tribunal Federal (STF), mandou bloquear todas as redes sociais da deputada federal Bia Kicis (PL-DF). A informa\u00e7\u00e3o foi divulgada nesta segunda-feira, 5, no perfil do Twitter da pr\u00f3pria parlamentar. \u201cAcabo de ser informada que Moraes mandou bloquear todas as minhas redes sociais\u201d, escreveu Bia. \u201cSem contradit\u00f3rio, sem nada. Certamente [&hellip;]<\/p>\n","protected":false},"author":2,"featured_media":13746,"comment_status":"open","ping_status":"open","sticky":false,"template":"","format":"standard","meta":[],"categories":[10],"tags":[13],"_links":{"self":[{"href":"https:\/\/dgospel.com.br\/portal\/index.php\/wp-json\/wp\/v2\/posts\/13745"}],"collection":[{"href":"https:\/\/dgospel.com.br\/portal\/index.php\/wp-json\/wp\/v2\/posts"}],"about":[{"href":"https:\/\/dgospel.com.br\/portal\/index.php\/wp-json\/wp\/v2\/types\/post"}],"author":[{"embeddable":true,"href":"https:\/\/dgospel.com.br\/portal\/index.php\/wp-json\/wp\/v2\/users\/2"}],"replies":[{"embeddable":true,"href":"https:\/\/dgospel.com.br\/portal\/index.php\/wp-json\/wp\/v2\/comments?post=13745"}],"version-history":[{"count":1,"href":"https:\/\/dgospel.com.br\/portal\/index.php\/wp-json\/wp\/v2\/posts\/13745\/revisions"}],"predecessor-version":[{"id":13747,"href":"https:\/\/dgospel.com.br\/portal\/index.php\/wp-json\/wp\/v2\/posts\/13745\/revisions\/13747"}],"wp:featuredmedia":[{"embeddable":true,"href":"https:\/\/dgospel.com.br\/portal\/index.php\/wp-json\/wp\/v2\/media\/13746"}],"wp:attachment":[{"href":"https:\/\/dgospel.com.br\/portal\/index.php\/wp-json\/wp\/v2\/media?parent=13745"}],"wp:term":[{"taxonomy":"category","embeddable":true,"href":"https:\/\/dgospel.com.br\/portal\/index.php\/wp-json\/wp\/v2\/categories?post=13745"},{"taxonomy":"post_tag","embeddable":true,"href":"https:\/\/dgospel.com.br\/portal\/index.php\/wp-json\/wp\/v2\/tags?post=13745"}],"curies":[{"name":"wp","href":"https:\/\/api.w.org\/{rel}","templated":true}]}}