{"id":13749,"date":"2022-12-05T16:53:18","date_gmt":"2022-12-05T19:53:18","guid":{"rendered":"http:\/\/dgospel.com.br\/portal\/?p=13749"},"modified":"2022-12-05T16:53:20","modified_gmt":"2022-12-05T19:53:20","slug":"bolsonaro-se-emociona-em-evento-militar-em-brasilia","status":"publish","type":"post","link":"https:\/\/dgospel.com.br\/portal\/index.php\/2022\/12\/05\/bolsonaro-se-emociona-em-evento-militar-em-brasilia\/","title":{"rendered":"Bolsonaro se emociona em evento militar, em Bras\u00edlia"},"content":{"rendered":"\n<p>O presidente Jair Bolsonaro (PL) n\u00e3o conteve as l\u00e1grimas na manh\u00e3 desta segunda-feira (5), durante uma cerim\u00f4nia das For\u00e7as Armadas em Bras\u00edlia, no Distrito Federal. O chefe do Executivo esteve no Clube Naval para cumprimentar oficiais-generais das For\u00e7as Armadas promovidos.<\/p>\n\n\n\n<p>A primeira-dama Michelle Bolsonaro acompanhou o chefe do Executivo e tamb\u00e9m estava emotiva. Bolsonaro chorou ap\u00f3s abra\u00e7ar a esposa de um capit\u00e3o de mar e guerra, que estava muito emocionada.<\/p>\n\n\n\n<p>Esse \u00e9 o terceiro evento militar que Bolsonaro participa desde o t\u00e9rmino das elei\u00e7\u00f5es. Uma formatura da Aman (Academia Militar das Agulhas Negras) em Resende, no Rio de Janeiro, e duas promo\u00e7\u00f5es de oficiais em Bras\u00edlia. Em nenhuma delas o presidente falou ao p\u00fablico.<\/p>\n\n\n\n<p>J\u00e1 com a imprensa, as \u00faltimas declara\u00e7\u00f5es de Bolsonaro foram em 1\u00ba de novembro, no Pal\u00e1cio da Alvorada, ocasi\u00e3o em que autorizou o ministro da Casa Civil, Ciro Nogueira (PP), que iniciasse a transi\u00e7\u00e3o de governo.<\/p>\n\n\n\n<figure class=\"wp-block-embed is-type-video is-provider-youtube wp-block-embed-youtube wp-embed-aspect-16-9 wp-has-aspect-ratio\"><div class=\"wp-block-embed__wrapper\">\n<iframe loading=\"lazy\" title=\"Bolsonaro chora durante evento militar em Brasil\u00eda\" width=\"630\" height=\"354\" src=\"https:\/\/www.youtube.com\/embed\/JvSwfuW5DhU?feature=oembed\" frameborder=\"0\" allow=\"accelerometer; autoplay; clipboard-write; encrypted-media; gyroscope; picture-in-picture\" allowfullscreen><\/iframe>\n<\/div><\/figure>\n","protected":false},"excerpt":{"rendered":"<p>O presidente Jair Bolsonaro (PL) n\u00e3o conteve as l\u00e1grimas na manh\u00e3 desta segunda-feira (5), durante uma cerim\u00f4nia das For\u00e7as Armadas em Bras\u00edlia, no Distrito Federal. O chefe do Executivo esteve no Clube Naval para cumprimentar oficiais-generais das For\u00e7as Armadas promovidos. A primeira-dama Michelle Bolsonaro acompanhou o chefe do Executivo e tamb\u00e9m estava emotiva. Bolsonaro chorou [&hellip;]<\/p>\n","protected":false},"author":2,"featured_media":13750,"comment_status":"open","ping_status":"open","sticky":false,"template":"","format":"standard","meta":[],"categories":[10],"tags":[],"_links":{"self":[{"href":"https:\/\/dgospel.com.br\/portal\/index.php\/wp-json\/wp\/v2\/posts\/13749"}],"collection":[{"href":"https:\/\/dgospel.com.br\/portal\/index.php\/wp-json\/wp\/v2\/posts"}],"about":[{"href":"https:\/\/dgospel.com.br\/portal\/index.php\/wp-json\/wp\/v2\/types\/post"}],"author":[{"embeddable":true,"href":"https:\/\/dgospel.com.br\/portal\/index.php\/wp-json\/wp\/v2\/users\/2"}],"replies":[{"embeddable":true,"href":"https:\/\/dgospel.com.br\/portal\/index.php\/wp-json\/wp\/v2\/comments?post=13749"}],"version-history":[{"count":1,"href":"https:\/\/dgospel.com.br\/portal\/index.php\/wp-json\/wp\/v2\/posts\/13749\/revisions"}],"predecessor-version":[{"id":13751,"href":"https:\/\/dgospel.com.br\/portal\/index.php\/wp-json\/wp\/v2\/posts\/13749\/revisions\/13751"}],"wp:featuredmedia":[{"embeddable":true,"href":"https:\/\/dgospel.com.br\/portal\/index.php\/wp-json\/wp\/v2\/media\/13750"}],"wp:attachment":[{"href":"https:\/\/dgospel.com.br\/portal\/index.php\/wp-json\/wp\/v2\/media?parent=13749"}],"wp:term":[{"taxonomy":"category","embeddable":true,"href":"https:\/\/dgospel.com.br\/portal\/index.php\/wp-json\/wp\/v2\/categories?post=13749"},{"taxonomy":"post_tag","embeddable":true,"href":"https:\/\/dgospel.com.br\/portal\/index.php\/wp-json\/wp\/v2\/tags?post=13749"}],"curies":[{"name":"wp","href":"https:\/\/api.w.org\/{rel}","templated":true}]}}