{"id":1375,"date":"2018-09-19T15:30:58","date_gmt":"2018-09-19T18:30:58","guid":{"rendered":"http:\/\/dgospel.com.br\/portal\/?p=1375"},"modified":"2018-09-19T15:30:58","modified_gmt":"2018-09-19T18:30:58","slug":"ajuste-fiscal-iniciado-por-carlesse-vai-recuperar-poder-de-investimento-do-estado","status":"publish","type":"post","link":"https:\/\/dgospel.com.br\/portal\/index.php\/2018\/09\/19\/ajuste-fiscal-iniciado-por-carlesse-vai-recuperar-poder-de-investimento-do-estado\/","title":{"rendered":"Ajuste fiscal iniciado por Carlesse vai recuperar poder de investimento do Estado"},"content":{"rendered":"<div>O governador e candidato \u00e0 reelei\u00e7\u00e3o, Mauro Carlesse (PHS), est\u00e1 promovendo um amplo ajuste das contas p\u00fablicas do Estado. Em pouco mais de tr\u00eas meses \u00e0 frente do Governo j\u00e1 reduziu o gasto com pessoal em cerca de 4% e vai reenquadrar o Estado \u00e0 Lei de Responsabilidade Fiscal at\u00e9 o in\u00edcio do pr\u00f3ximo ano.<\/div>\n<div><\/div>\n<div>\u201cO modelo atual precisa de mudan\u00e7a. Precisamos diminuir gastos e aumentar a arrecada\u00e7\u00e3o, mas sem aumentar impostos. S\u00f3 assim o Estado vai poder investir naquilo que \u00e9 importante para o povo: sa\u00fade, seguran\u00e7a, educa\u00e7\u00e3o e infraestrutura. Aos poucos, vamos conseguir isso, porque o Tocantins n\u00e3o pode esperar mais\u201d, defende Carlesse.<\/div>\n<div><\/div>\n<div>De acordo com Carlesse, sua gest\u00e3o n\u00e3o tem avan\u00e7ado ainda mais por causa do per\u00edodo eleitoral, que limita as a\u00e7\u00f5es do Governo. \u201cMuitas das medidas necess\u00e1rias esbarraram na lei eleitoral. Mas seguir diminuindo o custeio da m\u00e1quina p\u00fablica para que o Estado volte a ter poder de investimento para fazermos as obras necess\u00e1rias para o nosso desenvolvimento, gerando mais empregos e renda para a popula\u00e7\u00e3o\u201d, disse Carlesse.<\/div>\n<div><\/div>\n<div>Essas mudan\u00e7as, por\u00e9m, ser\u00e3o feitas sem o aumento de taxas e impostos, que comprometeriam a atividade produtiva. \u201cO povo n\u00e3o aguenta mais tanto imposto. Esse neg\u00f3cio de buscar recursos [aumento da arrecada\u00e7\u00e3o] sacrificando a popula\u00e7\u00e3o e os empres\u00e1rios n\u00e3o ser\u00e1 feito em nosso governo. O povo n\u00e3o aceita mais isso\u201d, defendeu.<\/div>\n","protected":false},"excerpt":{"rendered":"<p>O governador e candidato \u00e0 reelei\u00e7\u00e3o, Mauro Carlesse (PHS), est\u00e1 promovendo um amplo ajuste das contas p\u00fablicas do Estado. Em pouco mais de tr\u00eas meses \u00e0 frente do Governo j\u00e1 reduziu o gasto com pessoal em cerca de 4% e vai reenquadrar o Estado \u00e0 Lei de Responsabilidade Fiscal at\u00e9 o in\u00edcio do pr\u00f3ximo ano. [&hellip;]<\/p>\n","protected":false},"author":2,"featured_media":1376,"comment_status":"open","ping_status":"open","sticky":false,"template":"","format":"standard","meta":[],"categories":[2,3],"tags":[],"_links":{"self":[{"href":"https:\/\/dgospel.com.br\/portal\/index.php\/wp-json\/wp\/v2\/posts\/1375"}],"collection":[{"href":"https:\/\/dgospel.com.br\/portal\/index.php\/wp-json\/wp\/v2\/posts"}],"about":[{"href":"https:\/\/dgospel.com.br\/portal\/index.php\/wp-json\/wp\/v2\/types\/post"}],"author":[{"embeddable":true,"href":"https:\/\/dgospel.com.br\/portal\/index.php\/wp-json\/wp\/v2\/users\/2"}],"replies":[{"embeddable":true,"href":"https:\/\/dgospel.com.br\/portal\/index.php\/wp-json\/wp\/v2\/comments?post=1375"}],"version-history":[{"count":1,"href":"https:\/\/dgospel.com.br\/portal\/index.php\/wp-json\/wp\/v2\/posts\/1375\/revisions"}],"predecessor-version":[{"id":1377,"href":"https:\/\/dgospel.com.br\/portal\/index.php\/wp-json\/wp\/v2\/posts\/1375\/revisions\/1377"}],"wp:featuredmedia":[{"embeddable":true,"href":"https:\/\/dgospel.com.br\/portal\/index.php\/wp-json\/wp\/v2\/media\/1376"}],"wp:attachment":[{"href":"https:\/\/dgospel.com.br\/portal\/index.php\/wp-json\/wp\/v2\/media?parent=1375"}],"wp:term":[{"taxonomy":"category","embeddable":true,"href":"https:\/\/dgospel.com.br\/portal\/index.php\/wp-json\/wp\/v2\/categories?post=1375"},{"taxonomy":"post_tag","embeddable":true,"href":"https:\/\/dgospel.com.br\/portal\/index.php\/wp-json\/wp\/v2\/tags?post=1375"}],"curies":[{"name":"wp","href":"https:\/\/api.w.org\/{rel}","templated":true}]}}