{"id":13752,"date":"2022-12-05T17:01:52","date_gmt":"2022-12-05T20:01:52","guid":{"rendered":"http:\/\/dgospel.com.br\/portal\/?p=13752"},"modified":"2022-12-05T17:01:53","modified_gmt":"2022-12-05T20:01:53","slug":"renan-calheiros-consegue-assinaturas-para-pec-que-amplia-poderes-do-stf","status":"publish","type":"post","link":"https:\/\/dgospel.com.br\/portal\/index.php\/2022\/12\/05\/renan-calheiros-consegue-assinaturas-para-pec-que-amplia-poderes-do-stf\/","title":{"rendered":"Renan Calheiros consegue assinaturas para PEC que amplia poderes do STF"},"content":{"rendered":"\n<p>O senador Renan Calheiros (MDB-AL) conseguiu colher assinaturas para pautar uma PEC que amplia os poderes do Supremo Tribunal Federal, que tamb\u00e9m poder\u00e1 julgar \u201cinfra\u00e7\u00f5es contra o Estado Democr\u00e1tico de Direito\u201d.<\/p>\n\n\n\n<p><a href=\"https:\/\/www.assembleia.pr.leg.br\/\" target=\"_blank\" rel=\"noreferrer noopener\"><\/a><\/p>\n\n\n\n<p>Calheiros ainda apresentou mais cinco projetos de lei que comp\u00f5e um \u201cpacote de defesa da democracia\u201d.<\/p>\n\n\n\n<p>Dentre as medidas adotadas est\u00e3o a veda\u00e7\u00e3o da indica\u00e7\u00e3o de militares (ativa ou reserva) para liderara o minist\u00e9rio da Defesa, al\u00e9m de pris\u00e3o de 4 anos para quem bloquear estradas e rodovias, determina \u201ca participa\u00e7\u00e3o de agente p\u00fablico em manifesta\u00e7\u00f5es de car\u00e1ter pol\u00edtico-partid\u00e1rio, ostentando a condi\u00e7\u00e3o de seu cargo\u201d ao crime de abuso de autoridade.<\/p>\n\n\n\n<p>Confira a quem assinou a PEC:<\/p>\n\n\n\n<p>Conf\u00facio Moura (MDB-RO);<br>Eduardo Braga (MDB-AM);<br>Fernando Bezerra Coelho (MDB-PE);<br>Marcelo Castro (MDB-PI);<br>Nilda Gondim (MDB-PE);<br>Renan Calheiros (MDB-AL);<br>Simone Tebet (MDB-MS);<br>Veneziano Vital do R\u00eago (MDB-PB);<br>K\u00e1tia Abreu (PP-TO);<br>Alessandro Vieira (PSDB-SE);<br>Alvaro Dias (Podemos-PR);<br>Jorge Kajuru (Podemos-GO);<br>Jos\u00e9 Serra (PSDB-SP);<br>Mara Gabrilli (PSDB-SP);<br>Tasso Jereissati (PSDB-CE);<br>Omar Aziz (PSD-AM);<br>Otto Alencar (PSD-BA);<br>S\u00e9rgio Petec\u00e3o (PSD-AC);<br>Fabiano Contarato (PT-ES);<br>Humberto Costa (PT-PE);<br>Jean Paul Prates (PT-RN);<br>Paulo Paim (PT-RS);<br>Paulo Rocha (PT-PA);<br>Randolfe Rodrigues (Rede-AP);<br>Rog\u00e9rio Carvalho (PT-SE);<br>Telm\u00e1rio Mota (Pros-RR);<br>Zenaide Maia (Pros-RN);<br>Eliziane Gama (Cidadania-MA);<br>Acir Gurgacz (PDT-RO);<br>Julio Ventura (PDT-CE); e<br>Weverton (PDT-MA).<\/p>\n","protected":false},"excerpt":{"rendered":"<p>O senador Renan Calheiros (MDB-AL) conseguiu colher assinaturas para pautar uma PEC que amplia os poderes do Supremo Tribunal Federal, que tamb\u00e9m poder\u00e1 julgar \u201cinfra\u00e7\u00f5es contra o Estado Democr\u00e1tico de Direito\u201d. Calheiros ainda apresentou mais cinco projetos de lei que comp\u00f5e um \u201cpacote de defesa da democracia\u201d. Dentre as medidas adotadas est\u00e3o a veda\u00e7\u00e3o da [&hellip;]<\/p>\n","protected":false},"author":2,"featured_media":13753,"comment_status":"open","ping_status":"open","sticky":false,"template":"","format":"standard","meta":[],"categories":[8],"tags":[],"_links":{"self":[{"href":"https:\/\/dgospel.com.br\/portal\/index.php\/wp-json\/wp\/v2\/posts\/13752"}],"collection":[{"href":"https:\/\/dgospel.com.br\/portal\/index.php\/wp-json\/wp\/v2\/posts"}],"about":[{"href":"https:\/\/dgospel.com.br\/portal\/index.php\/wp-json\/wp\/v2\/types\/post"}],"author":[{"embeddable":true,"href":"https:\/\/dgospel.com.br\/portal\/index.php\/wp-json\/wp\/v2\/users\/2"}],"replies":[{"embeddable":true,"href":"https:\/\/dgospel.com.br\/portal\/index.php\/wp-json\/wp\/v2\/comments?post=13752"}],"version-history":[{"count":1,"href":"https:\/\/dgospel.com.br\/portal\/index.php\/wp-json\/wp\/v2\/posts\/13752\/revisions"}],"predecessor-version":[{"id":13754,"href":"https:\/\/dgospel.com.br\/portal\/index.php\/wp-json\/wp\/v2\/posts\/13752\/revisions\/13754"}],"wp:featuredmedia":[{"embeddable":true,"href":"https:\/\/dgospel.com.br\/portal\/index.php\/wp-json\/wp\/v2\/media\/13753"}],"wp:attachment":[{"href":"https:\/\/dgospel.com.br\/portal\/index.php\/wp-json\/wp\/v2\/media?parent=13752"}],"wp:term":[{"taxonomy":"category","embeddable":true,"href":"https:\/\/dgospel.com.br\/portal\/index.php\/wp-json\/wp\/v2\/categories?post=13752"},{"taxonomy":"post_tag","embeddable":true,"href":"https:\/\/dgospel.com.br\/portal\/index.php\/wp-json\/wp\/v2\/tags?post=13752"}],"curies":[{"name":"wp","href":"https:\/\/api.w.org\/{rel}","templated":true}]}}