{"id":13755,"date":"2022-12-05T17:05:16","date_gmt":"2022-12-05T20:05:16","guid":{"rendered":"http:\/\/dgospel.com.br\/portal\/?p=13755"},"modified":"2022-12-05T17:05:16","modified_gmt":"2022-12-05T20:05:16","slug":"cabo-junio-amaral-tem-redes-sociais-suspensas-por-moraes","status":"publish","type":"post","link":"https:\/\/dgospel.com.br\/portal\/index.php\/2022\/12\/05\/cabo-junio-amaral-tem-redes-sociais-suspensas-por-moraes\/","title":{"rendered":"Cabo Junio Amaral tem redes sociais suspensas por Moraes"},"content":{"rendered":"\n<p>O deputado federal Cabo Junio Amaral (PL-MG) perdeu o acesso \u00e0s redes sociais nesta segunda-feira (5) a pedido do ministro Alexandre de Moraes, do Supremo Tribunal Federal (STF).<\/p>\n\n\n\n<p>Assim que soube da decis\u00e3o, o parlamentar conseguiu avisar aos seus seguidores sobre o que iria acontecer.<\/p>\n\n\n\n<p>\u2013 Fui informado que Alexandre de Moraes tamb\u00e9m determinou o bloqueio das minhas contas, o que deve ocorrer nas pr\u00f3ximas horas. O justotalitarismo nos dominou. Sequer nos apontam o fato e muito menos permitem defesa \u2013 declarou.<\/p>\n\n\n\n<p>Amaral entra para a lista com outros deputados que tamb\u00e9m tiveram as contas suspensas por ordens de Moraes: Otoni de Paula (MDB-RJ), Carla Zambelli (PL-SP), Bia Kicis (PL-DF), Major Vitor Hugo (PL-GO), Coronel Tadeu (PL-SP), al\u00e9m dos deputados federais eleitos Nikolas Ferreira (PL-MG) e Gustavo Gayer (PL-GO).<\/p>\n\n\n\n<p>O parlamentar fez quest\u00e3o de cobrar do senador Rodrigo Pacheco, presidente do Senado Federal, que ele tome uma atitude contra as decis\u00f5es de Alexandre de Moraes que est\u00e3o calando os deputados.<\/p>\n\n\n\n<p>\u2013 Rodrigo Pacheco, sua cumplicidade n\u00e3o ficar\u00e1 de gra\u00e7a \u2013 declarou.<\/p>\n","protected":false},"excerpt":{"rendered":"<p>O deputado federal Cabo Junio Amaral (PL-MG) perdeu o acesso \u00e0s redes sociais nesta segunda-feira (5) a pedido do ministro Alexandre de Moraes, do Supremo Tribunal Federal (STF). Assim que soube da decis\u00e3o, o parlamentar conseguiu avisar aos seus seguidores sobre o que iria acontecer. \u2013 Fui informado que Alexandre de Moraes tamb\u00e9m determinou o [&hellip;]<\/p>\n","protected":false},"author":2,"featured_media":13756,"comment_status":"open","ping_status":"open","sticky":false,"template":"","format":"standard","meta":[],"categories":[10],"tags":[],"_links":{"self":[{"href":"https:\/\/dgospel.com.br\/portal\/index.php\/wp-json\/wp\/v2\/posts\/13755"}],"collection":[{"href":"https:\/\/dgospel.com.br\/portal\/index.php\/wp-json\/wp\/v2\/posts"}],"about":[{"href":"https:\/\/dgospel.com.br\/portal\/index.php\/wp-json\/wp\/v2\/types\/post"}],"author":[{"embeddable":true,"href":"https:\/\/dgospel.com.br\/portal\/index.php\/wp-json\/wp\/v2\/users\/2"}],"replies":[{"embeddable":true,"href":"https:\/\/dgospel.com.br\/portal\/index.php\/wp-json\/wp\/v2\/comments?post=13755"}],"version-history":[{"count":1,"href":"https:\/\/dgospel.com.br\/portal\/index.php\/wp-json\/wp\/v2\/posts\/13755\/revisions"}],"predecessor-version":[{"id":13757,"href":"https:\/\/dgospel.com.br\/portal\/index.php\/wp-json\/wp\/v2\/posts\/13755\/revisions\/13757"}],"wp:featuredmedia":[{"embeddable":true,"href":"https:\/\/dgospel.com.br\/portal\/index.php\/wp-json\/wp\/v2\/media\/13756"}],"wp:attachment":[{"href":"https:\/\/dgospel.com.br\/portal\/index.php\/wp-json\/wp\/v2\/media?parent=13755"}],"wp:term":[{"taxonomy":"category","embeddable":true,"href":"https:\/\/dgospel.com.br\/portal\/index.php\/wp-json\/wp\/v2\/categories?post=13755"},{"taxonomy":"post_tag","embeddable":true,"href":"https:\/\/dgospel.com.br\/portal\/index.php\/wp-json\/wp\/v2\/tags?post=13755"}],"curies":[{"name":"wp","href":"https:\/\/api.w.org\/{rel}","templated":true}]}}