{"id":13758,"date":"2022-12-05T17:12:18","date_gmt":"2022-12-05T20:12:18","guid":{"rendered":"http:\/\/dgospel.com.br\/portal\/?p=13758"},"modified":"2022-12-05T17:12:19","modified_gmt":"2022-12-05T20:12:19","slug":"pgr-rejeita-pedido-para-multar-manifestantes-e-apreender-bens","status":"publish","type":"post","link":"https:\/\/dgospel.com.br\/portal\/index.php\/2022\/12\/05\/pgr-rejeita-pedido-para-multar-manifestantes-e-apreender-bens\/","title":{"rendered":"PGR rejeita pedido para multar manifestantes e apreender bens"},"content":{"rendered":"\n<p>O pedido do Minist\u00e9rio P\u00fablico do Mato Grosso (MP-MT) para que os manifestantes contr\u00e1rios \u00e0 elei\u00e7\u00e3o de Luiz In\u00e1cio Lula da Silva (PT) fossem multados e tivesse bens apreendidos foi rejeitado pela vice-procuradora-geral da Rep\u00fablica, Lind\u00f4ra Ara\u00fajo.<\/p>\n\n\n\n<p>O procurador-geral Jos\u00e9 Ant\u00f4nio Borges Pereira, do MP-MT, fez a solicita\u00e7\u00e3o contra os participantes dos atos que bloquearam as rodovias do estado fossem penalizados. Pessoas f\u00edsicas seriam multadas em R$ 20 mil e pessoas jur\u00eddicas em R$ 100 mil.<\/p>\n\n\n\n<p>Mas ao decidir sobre o pedido, Lind\u00f4ra declarou que as for\u00e7as de seguran\u00e7a atuaram desde o in\u00edcio das paralisa\u00e7\u00f5es em conjunto com a Pol\u00edcia Rodovi\u00e1ria Federal (PRF) para poder liberar as vias p\u00fablicas.<\/p>\n\n\n\n<p>Por isso, na vis\u00e3o da vice-procuradora-geral, a a\u00e7\u00e3o n\u00e3o seria adequada \u00e0 \u201cindividualiza\u00e7\u00e3o de responsabilidades\u201d e \u201caplica\u00e7\u00e3o de medidas coercitivas a pessoas f\u00edsicas\u201d.<\/p>\n","protected":false},"excerpt":{"rendered":"<p>O pedido do Minist\u00e9rio P\u00fablico do Mato Grosso (MP-MT) para que os manifestantes contr\u00e1rios \u00e0 elei\u00e7\u00e3o de Luiz In\u00e1cio Lula da Silva (PT) fossem multados e tivesse bens apreendidos foi rejeitado pela vice-procuradora-geral da Rep\u00fablica, Lind\u00f4ra Ara\u00fajo. O procurador-geral Jos\u00e9 Ant\u00f4nio Borges Pereira, do MP-MT, fez a solicita\u00e7\u00e3o contra os participantes dos atos que bloquearam [&hellip;]<\/p>\n","protected":false},"author":2,"featured_media":13759,"comment_status":"open","ping_status":"open","sticky":false,"template":"","format":"standard","meta":[],"categories":[10],"tags":[13],"_links":{"self":[{"href":"https:\/\/dgospel.com.br\/portal\/index.php\/wp-json\/wp\/v2\/posts\/13758"}],"collection":[{"href":"https:\/\/dgospel.com.br\/portal\/index.php\/wp-json\/wp\/v2\/posts"}],"about":[{"href":"https:\/\/dgospel.com.br\/portal\/index.php\/wp-json\/wp\/v2\/types\/post"}],"author":[{"embeddable":true,"href":"https:\/\/dgospel.com.br\/portal\/index.php\/wp-json\/wp\/v2\/users\/2"}],"replies":[{"embeddable":true,"href":"https:\/\/dgospel.com.br\/portal\/index.php\/wp-json\/wp\/v2\/comments?post=13758"}],"version-history":[{"count":1,"href":"https:\/\/dgospel.com.br\/portal\/index.php\/wp-json\/wp\/v2\/posts\/13758\/revisions"}],"predecessor-version":[{"id":13760,"href":"https:\/\/dgospel.com.br\/portal\/index.php\/wp-json\/wp\/v2\/posts\/13758\/revisions\/13760"}],"wp:featuredmedia":[{"embeddable":true,"href":"https:\/\/dgospel.com.br\/portal\/index.php\/wp-json\/wp\/v2\/media\/13759"}],"wp:attachment":[{"href":"https:\/\/dgospel.com.br\/portal\/index.php\/wp-json\/wp\/v2\/media?parent=13758"}],"wp:term":[{"taxonomy":"category","embeddable":true,"href":"https:\/\/dgospel.com.br\/portal\/index.php\/wp-json\/wp\/v2\/categories?post=13758"},{"taxonomy":"post_tag","embeddable":true,"href":"https:\/\/dgospel.com.br\/portal\/index.php\/wp-json\/wp\/v2\/tags?post=13758"}],"curies":[{"name":"wp","href":"https:\/\/api.w.org\/{rel}","templated":true}]}}