{"id":13769,"date":"2022-12-05T17:43:13","date_gmt":"2022-12-05T20:43:13","guid":{"rendered":"http:\/\/dgospel.com.br\/portal\/?p=13769"},"modified":"2022-12-05T17:43:14","modified_gmt":"2022-12-05T20:43:14","slug":"justica-federal-barra-compra-de-novos-blindados-pelo-exercito","status":"publish","type":"post","link":"https:\/\/dgospel.com.br\/portal\/index.php\/2022\/12\/05\/justica-federal-barra-compra-de-novos-blindados-pelo-exercito\/","title":{"rendered":"Justi\u00e7a Federal barra compra de novos blindados pelo Ex\u00e9rcito"},"content":{"rendered":"\n<p>O Tribunal Regional Federal da 1\u00aa Regi\u00e3o (TRF-1) suspendeu nesta segunda-feira (5) a aquisi\u00e7\u00e3o de 98 blindados italianos pelo Ex\u00e9rcito Brasileiro. A decis\u00e3o liminar veio no dia em que a compra seria fechada e atendeu a uma a\u00e7\u00e3o popular.<\/p>\n\n\n\n<p>A referida a\u00e7\u00e3o, apresentada pelo advogado Charlles Capella de Abreu, questiona o investimento em face dos cortes de R$ 5,7 bilh\u00f5es no fim deste ano. Os ve\u00edculos seriam comprados do cons\u00f3rcio italiano Iveco-Oto Melara (CIO).<\/p>\n\n\n\n<p>No deferimento, o desembargador Wilson Alves de Souza tamb\u00e9m acatou o argumento de que n\u00e3o havia emerg\u00eancia na aquisi\u00e7\u00e3o dos blindados e considerou a medida irris\u00f3ria.<\/p>\n\n\n\n<p>\u2013 Nesse contexto, v\u00ea-se claramente que o ato acatado n\u00e3o atende aos pressupostos de conveni\u00eancia e oportunidade, pois \u00e9 evidente a falta de razoabilidade, desvio de finalidade, ilegalidade e at\u00e9 mesmo de elementar bom senso, pois outra classifica\u00e7\u00e3o n\u00e3o h\u00e1 quando ao mesmo tempo em que se faz cortes de verbas da educa\u00e7\u00e3o e da sa\u00fade por falta de dinheiro, se pretende comprar armas em tempos de paz \u2013 afirmou o desembargador.<\/p>\n\n\n\n<p>O edital de consulta p\u00fablica para a compra dos blindados foi publicado em mar\u00e7o de 2021, mas a convoca\u00e7\u00e3o para a assinatura do contrato s\u00f3 ocorreu no \u00faltimo dia 25 de novembro. Os dois primeiros ve\u00edculos militares seriam fornecidos dentro de seis meses.<\/p>\n\n\n\n<p>A presidente do PT Gleisi Hoffmann chegou a manifestar indigna\u00e7\u00e3o com o neg\u00f3cio que seria fechado. Ao comentar a medida nas redes socais, na semana passada, Gleisi criticou o governo Bolsonaro.<\/p>\n\n\n\n<p>\u2013 Cinco bilh\u00f5es! Esse \u00e9 o valor que o Ex\u00e9rcito calcula gastar com 98 blindados no apagar das luzes do governo Bolsonaro. Uma imoralidade com a situa\u00e7\u00e3o ca\u00f3tica das contas p\u00fablicas e que passa o povo. Estudaremos o que pode ser feito a partir de janeiro. Lament\u00e1vel \u2013 apontou.<\/p>\n","protected":false},"excerpt":{"rendered":"<p>O Tribunal Regional Federal da 1\u00aa Regi\u00e3o (TRF-1) suspendeu nesta segunda-feira (5) a aquisi\u00e7\u00e3o de 98 blindados italianos pelo Ex\u00e9rcito Brasileiro. A decis\u00e3o liminar veio no dia em que a compra seria fechada e atendeu a uma a\u00e7\u00e3o popular. A referida a\u00e7\u00e3o, apresentada pelo advogado Charlles Capella de Abreu, questiona o investimento em face dos [&hellip;]<\/p>\n","protected":false},"author":2,"featured_media":13770,"comment_status":"open","ping_status":"open","sticky":false,"template":"","format":"standard","meta":[],"categories":[17],"tags":[],"_links":{"self":[{"href":"https:\/\/dgospel.com.br\/portal\/index.php\/wp-json\/wp\/v2\/posts\/13769"}],"collection":[{"href":"https:\/\/dgospel.com.br\/portal\/index.php\/wp-json\/wp\/v2\/posts"}],"about":[{"href":"https:\/\/dgospel.com.br\/portal\/index.php\/wp-json\/wp\/v2\/types\/post"}],"author":[{"embeddable":true,"href":"https:\/\/dgospel.com.br\/portal\/index.php\/wp-json\/wp\/v2\/users\/2"}],"replies":[{"embeddable":true,"href":"https:\/\/dgospel.com.br\/portal\/index.php\/wp-json\/wp\/v2\/comments?post=13769"}],"version-history":[{"count":1,"href":"https:\/\/dgospel.com.br\/portal\/index.php\/wp-json\/wp\/v2\/posts\/13769\/revisions"}],"predecessor-version":[{"id":13771,"href":"https:\/\/dgospel.com.br\/portal\/index.php\/wp-json\/wp\/v2\/posts\/13769\/revisions\/13771"}],"wp:featuredmedia":[{"embeddable":true,"href":"https:\/\/dgospel.com.br\/portal\/index.php\/wp-json\/wp\/v2\/media\/13770"}],"wp:attachment":[{"href":"https:\/\/dgospel.com.br\/portal\/index.php\/wp-json\/wp\/v2\/media?parent=13769"}],"wp:term":[{"taxonomy":"category","embeddable":true,"href":"https:\/\/dgospel.com.br\/portal\/index.php\/wp-json\/wp\/v2\/categories?post=13769"},{"taxonomy":"post_tag","embeddable":true,"href":"https:\/\/dgospel.com.br\/portal\/index.php\/wp-json\/wp\/v2\/tags?post=13769"}],"curies":[{"name":"wp","href":"https:\/\/api.w.org\/{rel}","templated":true}]}}