{"id":13773,"date":"2022-12-05T18:00:32","date_gmt":"2022-12-05T21:00:32","guid":{"rendered":"http:\/\/dgospel.com.br\/portal\/?p=13773"},"modified":"2022-12-05T18:00:32","modified_gmt":"2022-12-05T21:00:32","slug":"elon-musk-acha-possivel-que-twitter-ter-dado-preferencia-a-candidatos-de-esquerda-no-brasil","status":"publish","type":"post","link":"https:\/\/dgospel.com.br\/portal\/index.php\/2022\/12\/05\/elon-musk-acha-possivel-que-twitter-ter-dado-preferencia-a-candidatos-de-esquerda-no-brasil\/","title":{"rendered":"Elon Musk acha \u201cposs\u00edvel\u201d que Twitter ter dado prefer\u00eancia a candidatos de esquerda no Brasil"},"content":{"rendered":"\n<p>Elon Musk, novo dono da rede social falou que \u00e9 \u201cposs\u00edvel\u201d que tenha ocorrido manipula\u00e7\u00f5es, as quais teriam beneficiado candidatos no Brasil e tamb\u00e9m nos Estados Unidos nas elei\u00e7\u00f5es brasileiras deste ano. A declara\u00e7\u00e3o aconteceu quando falava sobre poss\u00edveis manipula\u00e7\u00f5es das elei\u00e7\u00f5es americanas.<\/p>\n\n\n\n<p>\u201cVi muitos tweets preocupantes sobre as recentes elei\u00e7\u00f5es no Brasil. Se esses tweets forem precisos, \u00e9 poss\u00edvel que o pessoal do Twitter tenha dado prefer\u00eancia a candidatos de esquerda\u201d, escreveu Musk.<\/p>\n\n\n\n<p>Musk comprou a m\u00eddia social, no dia 27 de outubro, tr\u00eas dias antes do segundo turno da elei\u00e7\u00e3o presidencial do Brasil.<\/p>\n\n\n\n<p>Ao receber Musk em uma reuni\u00e3o em S\u00e3o Paulo, Bolsonaro declarou que a aquisi\u00e7\u00e3o do Twitter pelo bilion\u00e1rio americano era \u201cum sopro de esperan\u00e7a\u201d e o apelidou de \u201clenda da liberdade\u201d.<\/p>\n\n\n\n<p>Com informa\u00e7\u00f5es \u2013 Ag\u00eancia Reuters<\/p>\n","protected":false},"excerpt":{"rendered":"<p>Elon Musk, novo dono da rede social falou que \u00e9 \u201cposs\u00edvel\u201d que tenha ocorrido manipula\u00e7\u00f5es, as quais teriam beneficiado candidatos no Brasil e tamb\u00e9m nos Estados Unidos nas elei\u00e7\u00f5es brasileiras deste ano. A declara\u00e7\u00e3o aconteceu quando falava sobre poss\u00edveis manipula\u00e7\u00f5es das elei\u00e7\u00f5es americanas. \u201cVi muitos tweets preocupantes sobre as recentes elei\u00e7\u00f5es no Brasil. Se esses [&hellip;]<\/p>\n","protected":false},"author":2,"featured_media":13774,"comment_status":"open","ping_status":"open","sticky":false,"template":"","format":"standard","meta":[],"categories":[4],"tags":[],"_links":{"self":[{"href":"https:\/\/dgospel.com.br\/portal\/index.php\/wp-json\/wp\/v2\/posts\/13773"}],"collection":[{"href":"https:\/\/dgospel.com.br\/portal\/index.php\/wp-json\/wp\/v2\/posts"}],"about":[{"href":"https:\/\/dgospel.com.br\/portal\/index.php\/wp-json\/wp\/v2\/types\/post"}],"author":[{"embeddable":true,"href":"https:\/\/dgospel.com.br\/portal\/index.php\/wp-json\/wp\/v2\/users\/2"}],"replies":[{"embeddable":true,"href":"https:\/\/dgospel.com.br\/portal\/index.php\/wp-json\/wp\/v2\/comments?post=13773"}],"version-history":[{"count":1,"href":"https:\/\/dgospel.com.br\/portal\/index.php\/wp-json\/wp\/v2\/posts\/13773\/revisions"}],"predecessor-version":[{"id":13775,"href":"https:\/\/dgospel.com.br\/portal\/index.php\/wp-json\/wp\/v2\/posts\/13773\/revisions\/13775"}],"wp:featuredmedia":[{"embeddable":true,"href":"https:\/\/dgospel.com.br\/portal\/index.php\/wp-json\/wp\/v2\/media\/13774"}],"wp:attachment":[{"href":"https:\/\/dgospel.com.br\/portal\/index.php\/wp-json\/wp\/v2\/media?parent=13773"}],"wp:term":[{"taxonomy":"category","embeddable":true,"href":"https:\/\/dgospel.com.br\/portal\/index.php\/wp-json\/wp\/v2\/categories?post=13773"},{"taxonomy":"post_tag","embeddable":true,"href":"https:\/\/dgospel.com.br\/portal\/index.php\/wp-json\/wp\/v2\/tags?post=13773"}],"curies":[{"name":"wp","href":"https:\/\/api.w.org\/{rel}","templated":true}]}}