{"id":13779,"date":"2022-12-06T10:27:36","date_gmt":"2022-12-06T13:27:36","guid":{"rendered":"http:\/\/dgospel.com.br\/portal\/?p=13779"},"modified":"2022-12-06T10:27:38","modified_gmt":"2022-12-06T13:27:38","slug":"indigenas-se-manifestam-contra-lula-na-esplanada-dos-ministerios","status":"publish","type":"post","link":"https:\/\/dgospel.com.br\/portal\/index.php\/2022\/12\/06\/indigenas-se-manifestam-contra-lula-na-esplanada-dos-ministerios\/","title":{"rendered":"Ind\u00edgenas se manifestam contra Lula na Esplanada dos Minist\u00e9rios"},"content":{"rendered":"\n<p>Ind\u00edgenas se manifestaram nesta segunda-feira, 5, contra o presidente eleito, Luiz In\u00e1cio Lula da Silva (PT), na Esplanada dos Minist\u00e9rios. O grupo clamou por liberdade e teceu cr\u00edticas \u00e0 \u201ccensura\u201d imposta aos brasileiros pelo Supremo Tribunal Federal e pelo Tribunal Superior Eleitoral.<\/p>\n\n\n\n<p>Segundo o cacique Ata\u00edde, que esteve na manifesta\u00e7\u00e3o, um pol\u00edtico condenado por corrup\u00e7\u00e3o n\u00e3o deveria concorrer a cargos eletivos. \u201cNos pa\u00edses estrangeiros, uma pessoa que \u00e9 presa e sentenciada por diversos ju\u00edzes pode sair da cadeia e concorrer a elei\u00e7\u00f5es?\u201d, perguntou, referindo-se a Luiz In\u00e1cio Lula da Silva (PT), em conversa com\u00a0<strong>Oeste<\/strong>.<\/p>\n\n\n\n<p>O ind\u00edgena diz que \u201ca na\u00e7\u00e3o acordou e est\u00e1 vendo que n\u00e3o podemos entregar o pa\u00eds de m\u00e3os beijadas\u201d. Segundo ele, o governo de Jair Bolsonaro (PL) retomou o esp\u00edrito de patriotismo no Brasil. \u201cQueremos um pa\u00eds com dignidade, com respeito e educa\u00e7\u00e3o em primeiro lugar\u201d, ressaltou. \u201cO atual presidente foi o primeiro a abrir a boca e dizer que os ind\u00edgenas t\u00eam direito de extrair min\u00e9rio, arrendar a terra, fazer parceria com fazendeiros. \u00c9 um homem trabalhador. Ele enfrentou um sistema todo.\u201d<\/p>\n\n\n\n<p>Ata\u00edde acusou o PT de \u201cusar os \u00edndios como massa de manobra, para poder vender o pa\u00eds e tapar os olhos\u201d dos ind\u00edgenas. Ele disse que \u201cnenhum \u00edndio trabalha, porque tudo \u00e9 politicagem\u201d. \u201cBolsonaro cortou as ONGs e tudo que estava abusando do direito dos \u00edndios\u201d, observou.<\/p>\n\n\n\n<p>O ind\u00edgena tamb\u00e9m recha\u00e7ou a hip\u00f3tese de Bolsonaro ser preconceituoso. \u201cBolsonaro nunca separou as pessoas\u201d, salientou. \u201cNegros, brancos, \u00edndios. Ele nunca separou o povo ind\u00edgena dos brancos ou os brancos dos pretos. Somos a na\u00e7\u00e3o. Acolhemos todo o mundo.\u201d<\/p>\n","protected":false},"excerpt":{"rendered":"<p>Ind\u00edgenas se manifestaram nesta segunda-feira, 5, contra o presidente eleito, Luiz In\u00e1cio Lula da Silva (PT), na Esplanada dos Minist\u00e9rios. O grupo clamou por liberdade e teceu cr\u00edticas \u00e0 \u201ccensura\u201d imposta aos brasileiros pelo Supremo Tribunal Federal e pelo Tribunal Superior Eleitoral. Segundo o cacique Ata\u00edde, que esteve na manifesta\u00e7\u00e3o, um pol\u00edtico condenado por corrup\u00e7\u00e3o [&hellip;]<\/p>\n","protected":false},"author":2,"featured_media":13780,"comment_status":"open","ping_status":"open","sticky":false,"template":"","format":"standard","meta":[],"categories":[10],"tags":[],"_links":{"self":[{"href":"https:\/\/dgospel.com.br\/portal\/index.php\/wp-json\/wp\/v2\/posts\/13779"}],"collection":[{"href":"https:\/\/dgospel.com.br\/portal\/index.php\/wp-json\/wp\/v2\/posts"}],"about":[{"href":"https:\/\/dgospel.com.br\/portal\/index.php\/wp-json\/wp\/v2\/types\/post"}],"author":[{"embeddable":true,"href":"https:\/\/dgospel.com.br\/portal\/index.php\/wp-json\/wp\/v2\/users\/2"}],"replies":[{"embeddable":true,"href":"https:\/\/dgospel.com.br\/portal\/index.php\/wp-json\/wp\/v2\/comments?post=13779"}],"version-history":[{"count":1,"href":"https:\/\/dgospel.com.br\/portal\/index.php\/wp-json\/wp\/v2\/posts\/13779\/revisions"}],"predecessor-version":[{"id":13781,"href":"https:\/\/dgospel.com.br\/portal\/index.php\/wp-json\/wp\/v2\/posts\/13779\/revisions\/13781"}],"wp:featuredmedia":[{"embeddable":true,"href":"https:\/\/dgospel.com.br\/portal\/index.php\/wp-json\/wp\/v2\/media\/13780"}],"wp:attachment":[{"href":"https:\/\/dgospel.com.br\/portal\/index.php\/wp-json\/wp\/v2\/media?parent=13779"}],"wp:term":[{"taxonomy":"category","embeddable":true,"href":"https:\/\/dgospel.com.br\/portal\/index.php\/wp-json\/wp\/v2\/categories?post=13779"},{"taxonomy":"post_tag","embeddable":true,"href":"https:\/\/dgospel.com.br\/portal\/index.php\/wp-json\/wp\/v2\/tags?post=13779"}],"curies":[{"name":"wp","href":"https:\/\/api.w.org\/{rel}","templated":true}]}}