{"id":1378,"date":"2018-09-19T16:08:06","date_gmt":"2018-09-19T19:08:06","guid":{"rendered":"http:\/\/dgospel.com.br\/portal\/?p=1378"},"modified":"2018-09-19T16:08:06","modified_gmt":"2018-09-19T19:08:06","slug":"marcha-contra-o-aborto-pretende-reunir-multidoes-em-sao-paulo","status":"publish","type":"post","link":"https:\/\/dgospel.com.br\/portal\/index.php\/2018\/09\/19\/marcha-contra-o-aborto-pretende-reunir-multidoes-em-sao-paulo\/","title":{"rendered":"Marcha contra o aborto pretende reunir multid\u00f5es em S\u00e3o Paulo"},"content":{"rendered":"<p>Depois que milh\u00f5es de pessoas sa\u00edram \u00e0s ruas contra o aborto em pa\u00edses da Am\u00e9rica Latina, o Brasil est\u00e1 se unindo ao movimento pr\u00f3-vida. A\u00a0<a href=\"https:\/\/guiame.com.br\/gospel\/mundo-cristao\/em-fortaleza-marcha-pela-vida-foca-adocao-como-solucao-para-evitar-o-aborto.html\"><strong>Marcha Pela Vida<\/strong><\/a>\u00a0ser\u00e1 realizada no dia 30 de setembro, em S\u00e3o Paulo.<\/p>\n<p>A Marcha Pela Vida ganhou impulso em 2018, diante das propostas pol\u00edticas de legaliza\u00e7\u00e3o do aborto em v\u00e1rios pa\u00edses latino-americanos. Embora protestos pr\u00f3-vida sejam realizados com frequ\u00eancia no Brasil, o objetivo \u00e9 \u201cfazer um ato maior e massivo\u201d apartid\u00e1rio e sem car\u00e1ter religioso.<\/p>\n<p>\u201cEste objetivo de incluir pessoas do povo que apoiem a causa sem distin\u00e7\u00f5es tenta demonstrar que a defesa da vida humana n\u00e3o depende de uma cren\u00e7a espec\u00edfica, ela \u00e9 intr\u00ednseca ao pr\u00f3prio ser humano e vai muito al\u00e9m de uma quest\u00e3o religiosa. Outras cidades do Brasil\u201d, afirma a organiza\u00e7\u00e3o.<\/p>\n<p>Uma das maiores manifesta\u00e7\u00f5es aconteceu na Argentina, onde milhares de pessoas\u00a0<a href=\"https:\/\/guiame.com.br\/gospel\/noticias\/mais-de-650-mil-cristaos-oram-contra-legalizacao-do-aborto-nas-ruas-da-argentina.html\"><strong>foram \u00e0s ruas<\/strong><\/a>para protestar contra o aborto. Como resultado, o Senado argentino\u00a0<a href=\"https:\/\/guiame.com.br\/gospel\/noticias\/legalizacao-do-aborto-e-rejeitada-pelo-senado-da-argentina.html\"><strong>rejeitou o projeto de lei<\/strong><\/a>\u00a0que pretendia legalizar o procedimento nas primeiras 14 semanas de gravidez.<\/p>\n<p>A manifesta\u00e7\u00e3o pr\u00f3-vida \u00e9 marcada pelo slogan \u201csalvemos as duas vidas\u201d, que tem sido amplamente usado pelos ativistas latino-americanos.<\/p>\n<p>A Marcha acontece ap\u00f3s uma\u00a0<a href=\"https:\/\/guiame.com.br\/gospel\/noticias\/igrejas-e-juristas-cristaos-discursam-contra-legalizacao-do-aborto-no-stf.html\"><strong>audi\u00eancia p\u00fablica<\/strong><\/a>\u00a0realizada pelo Supremo Tribunal Federal (STF) no in\u00edcio de agosto, que discutiu a descriminaliza\u00e7\u00e3o do aborto at\u00e9 a 12\u00aa semana de gesta\u00e7\u00e3o.<\/p>\n<p>A ADPF (Argui\u00e7\u00e3o de Descumprimento de Preceito Fundamental) de descriminaliza\u00e7\u00e3o do aborto foi apresentada no dia 8 de mar\u00e7o de 2017 pelo PSOL em conjunto com o Instituto Anis.<\/p>\n<p>Segundo a coordenadora da Marcha Pela Vida em S\u00e3o Paulo,\u00a0a jurista Teresinha Neves, o evento milita\u00a0contra a ADPF 442 do STF e a favor do PL 4754, que criminaliza o ativismo do judici\u00e1rio.<\/p>\n<p>&#8220;Este \u00e9 um evento inter-religioso, suprapartid\u00e1rio, que busca a defesa da vida&#8221;, declarou Teresinha, que faz parte do Movimento Nacional Cidadania Pela Vida &#8211; Brasil Sem Aborto e do Movimento Evang\u00e9licos Pela Vida.\u00a0&#8220;Somos um Pa\u00eds que, em sua maioria, \u00e9 a favor da vida. Sabemos que para mostramos a nossa for\u00e7a ainda mais, \u00e9 preciso que a gente v\u00e1 para a rua e mostre que o Brasil \u00e9 a favor da vida&#8221;.<\/p>\n<p>No Brasil, o aborto \u00e9 permitido somente nos casos de anencefalia do feto, gravidez resultante de estupro e quando a gesta\u00e7\u00e3o representa um risco para a vida da mulher. Segundo\u00a0<a href=\"https:\/\/guiame.com.br\/gospel\/noticias\/maioria-dos-brasileiros-sao-contrarios-legalizacao-do-aborto-segundo-datafolha.html\"><strong>pesquisa Datafolha<\/strong><\/a>publicada em agosto, 59% dos brasileiros s\u00e3o contr\u00e1rios a altera\u00e7\u00f5es na atual lei sobre o aborto no Brasil.<\/p>\n<p><strong>Servi\u00e7o:<\/strong><\/p>\n<p>Marcha pela Vida Brasil<br \/>\nData: 30 de setembro<br \/>\nHor\u00e1rio: \u00c0 partir das 15h<br \/>\nLocal: Av. Paulista (pr\u00f3ximo \u00e0 Av. Brigadeiro Lu\u00eds Ant\u00f4nio)<\/p>\n<p>FONTE: GUIAME<\/p>\n","protected":false},"excerpt":{"rendered":"<p>Depois que milh\u00f5es de pessoas sa\u00edram \u00e0s ruas contra o aborto em pa\u00edses da Am\u00e9rica Latina, o Brasil est\u00e1 se unindo ao movimento pr\u00f3-vida. A\u00a0Marcha Pela Vida\u00a0ser\u00e1 realizada no dia 30 de setembro, em S\u00e3o Paulo. A Marcha Pela Vida ganhou impulso em 2018, diante das propostas pol\u00edticas de legaliza\u00e7\u00e3o do aborto em v\u00e1rios pa\u00edses [&hellip;]<\/p>\n","protected":false},"author":2,"featured_media":1379,"comment_status":"open","ping_status":"open","sticky":false,"template":"","format":"standard","meta":[],"categories":[2,5,6],"tags":[],"_links":{"self":[{"href":"https:\/\/dgospel.com.br\/portal\/index.php\/wp-json\/wp\/v2\/posts\/1378"}],"collection":[{"href":"https:\/\/dgospel.com.br\/portal\/index.php\/wp-json\/wp\/v2\/posts"}],"about":[{"href":"https:\/\/dgospel.com.br\/portal\/index.php\/wp-json\/wp\/v2\/types\/post"}],"author":[{"embeddable":true,"href":"https:\/\/dgospel.com.br\/portal\/index.php\/wp-json\/wp\/v2\/users\/2"}],"replies":[{"embeddable":true,"href":"https:\/\/dgospel.com.br\/portal\/index.php\/wp-json\/wp\/v2\/comments?post=1378"}],"version-history":[{"count":1,"href":"https:\/\/dgospel.com.br\/portal\/index.php\/wp-json\/wp\/v2\/posts\/1378\/revisions"}],"predecessor-version":[{"id":1380,"href":"https:\/\/dgospel.com.br\/portal\/index.php\/wp-json\/wp\/v2\/posts\/1378\/revisions\/1380"}],"wp:featuredmedia":[{"embeddable":true,"href":"https:\/\/dgospel.com.br\/portal\/index.php\/wp-json\/wp\/v2\/media\/1379"}],"wp:attachment":[{"href":"https:\/\/dgospel.com.br\/portal\/index.php\/wp-json\/wp\/v2\/media?parent=1378"}],"wp:term":[{"taxonomy":"category","embeddable":true,"href":"https:\/\/dgospel.com.br\/portal\/index.php\/wp-json\/wp\/v2\/categories?post=1378"},{"taxonomy":"post_tag","embeddable":true,"href":"https:\/\/dgospel.com.br\/portal\/index.php\/wp-json\/wp\/v2\/tags?post=1378"}],"curies":[{"name":"wp","href":"https:\/\/api.w.org\/{rel}","templated":true}]}}