{"id":13788,"date":"2022-12-07T10:36:02","date_gmt":"2022-12-07T13:36:02","guid":{"rendered":"http:\/\/dgospel.com.br\/portal\/?p=13788"},"modified":"2022-12-07T10:36:03","modified_gmt":"2022-12-07T13:36:03","slug":"projeto-de-integracao-da-america-latina-do-pt-estabelece-uma-moeda-unica","status":"publish","type":"post","link":"https:\/\/dgospel.com.br\/portal\/index.php\/2022\/12\/07\/projeto-de-integracao-da-america-latina-do-pt-estabelece-uma-moeda-unica\/","title":{"rendered":"Projeto de integra\u00e7\u00e3o da Am\u00e9rica Latina do PT estabelece uma \u201cmoeda \u00fanica\u201d\u00a0"},"content":{"rendered":"\n<p>O projeto de integra\u00e7\u00e3o da Am\u00e9rica Latina defendido pelo&nbsp;<a href=\"https:\/\/pt.org.br\/\" target=\"_blank\" rel=\"noreferrer noopener\"><strong>Partido dos Trabalhadores (PT)<\/strong><\/a>&nbsp;estabelece uma \u201cmoeda \u00fanica\u201d para os pa\u00edses do continente. A medida voltou a ser defendida pelo&nbsp;ex-chanceler Celso Amorim, durante uma palestra no Teatro da Universidade Cat\u00f3lica de S\u00e3o Paulo.<\/p>\n\n\n\n<p>\u201cAcho uma ideia boa\u201d, disse Amorim, em entrevista ao jornal&nbsp;<em>O Globo<\/em>, na ter\u00e7a-feira 6. \u201cTemos de retomar o esp\u00edrito integracionista, e acho que essa \u00e9 uma for\u00e7a que pode nos ajudar muito. \u201cIsso vai al\u00e9m da pol\u00edtica externa, envolve o ministro da Fazenda. Se for quem eu estou achando que pode ser, vai ser bom.\u201d<\/p>\n\n\n\n<p>A ideia j\u00e1 foi citada pelo presidente eleito, Lula (PT), durante a sua campanha, como uma maneira de o Brasil e os pa\u00edses do continente n\u00e3o ficarem t\u00e3o \u201cdependentes do d\u00f3lar\u201d. A proposta tamb\u00e9m foi elogiada em um artigo do ex-prefeito de S\u00e3o Paulo Fernando Haddad (PT), cotado para a Economia.<\/p>\n\n\n\n<p>Amorim apoiou ainda maior aproxima\u00e7\u00e3o entre a Am\u00e9rica Latina e a Europa. Por isso, manifestou-se a favor do acordo entre o Mercosul e a Uni\u00e3o Europeia. O ex-chanceler sugeriu a Lula que fa\u00e7a um gesto no in\u00edcio do governo para come\u00e7ar as tratativas em rela\u00e7\u00e3o ao acordo sobre a mesa.<\/p>\n\n\n\n<p>\u201cOs europeus t\u00eam falado que gostariam de ter uma carta interpretativa que fale, por exemplo, da quest\u00e3o clim\u00e1tica, da Amaz\u00f4nia\u201d, disse. \u201cEu acho razo\u00e1vel que a gente tamb\u00e9m queira uma carta interpretativa que fale que n\u00e3o deve haver empecilho ao desenvolvimento tecnol\u00f3gico, industrial.\u201d<\/p>\n\n\n\n<p>Fonte: revistaoeste<\/p>\n","protected":false},"excerpt":{"rendered":"<p>O projeto de integra\u00e7\u00e3o da Am\u00e9rica Latina defendido pelo&nbsp;Partido dos Trabalhadores (PT)&nbsp;estabelece uma \u201cmoeda \u00fanica\u201d para os pa\u00edses do continente. A medida voltou a ser defendida pelo&nbsp;ex-chanceler Celso Amorim, durante uma palestra no Teatro da Universidade Cat\u00f3lica de S\u00e3o Paulo. \u201cAcho uma ideia boa\u201d, disse Amorim, em entrevista ao jornal&nbsp;O Globo, na ter\u00e7a-feira 6. \u201cTemos [&hellip;]<\/p>\n","protected":false},"author":2,"featured_media":13789,"comment_status":"open","ping_status":"open","sticky":false,"template":"","format":"standard","meta":[],"categories":[4],"tags":[13],"_links":{"self":[{"href":"https:\/\/dgospel.com.br\/portal\/index.php\/wp-json\/wp\/v2\/posts\/13788"}],"collection":[{"href":"https:\/\/dgospel.com.br\/portal\/index.php\/wp-json\/wp\/v2\/posts"}],"about":[{"href":"https:\/\/dgospel.com.br\/portal\/index.php\/wp-json\/wp\/v2\/types\/post"}],"author":[{"embeddable":true,"href":"https:\/\/dgospel.com.br\/portal\/index.php\/wp-json\/wp\/v2\/users\/2"}],"replies":[{"embeddable":true,"href":"https:\/\/dgospel.com.br\/portal\/index.php\/wp-json\/wp\/v2\/comments?post=13788"}],"version-history":[{"count":1,"href":"https:\/\/dgospel.com.br\/portal\/index.php\/wp-json\/wp\/v2\/posts\/13788\/revisions"}],"predecessor-version":[{"id":13790,"href":"https:\/\/dgospel.com.br\/portal\/index.php\/wp-json\/wp\/v2\/posts\/13788\/revisions\/13790"}],"wp:featuredmedia":[{"embeddable":true,"href":"https:\/\/dgospel.com.br\/portal\/index.php\/wp-json\/wp\/v2\/media\/13789"}],"wp:attachment":[{"href":"https:\/\/dgospel.com.br\/portal\/index.php\/wp-json\/wp\/v2\/media?parent=13788"}],"wp:term":[{"taxonomy":"category","embeddable":true,"href":"https:\/\/dgospel.com.br\/portal\/index.php\/wp-json\/wp\/v2\/categories?post=13788"},{"taxonomy":"post_tag","embeddable":true,"href":"https:\/\/dgospel.com.br\/portal\/index.php\/wp-json\/wp\/v2\/tags?post=13788"}],"curies":[{"name":"wp","href":"https:\/\/api.w.org\/{rel}","templated":true}]}}