{"id":13791,"date":"2022-12-07T11:50:59","date_gmt":"2022-12-07T14:50:59","guid":{"rendered":"http:\/\/dgospel.com.br\/portal\/?p=13791"},"modified":"2022-12-07T11:51:00","modified_gmt":"2022-12-07T14:51:00","slug":"china-cede-a-protestos-e-anuncia-reducao-de-medidas-restritivas","status":"publish","type":"post","link":"https:\/\/dgospel.com.br\/portal\/index.php\/2022\/12\/07\/china-cede-a-protestos-e-anuncia-reducao-de-medidas-restritivas\/","title":{"rendered":"China cede a protestos e anuncia redu\u00e7\u00e3o de medidas restritivas"},"content":{"rendered":"\n<p>Diante das intensas manifesta\u00e7\u00f5es que come\u00e7aram no \u00faltimo fim de semana de novembro, o Partido Comunista Chin\u00eas anunciou o afrouxamento \u2014 mas n\u00e3o o fim \u2014 das medidas da pol\u00edtica de covid zero na China.<\/p>\n\n\n\n<p>Entre as mudan\u00e7as, segundo documentos oficiais citados pela imprensa internacional, \u201cpessoas infectadas assintom\u00e1ticas e casos leves podem ser isolados em casa\u201d. At\u00e9 ent\u00e3o, essas pessoas eram enviadas para centros de quarentena, onde geralmente n\u00e3o recebiam tratamento, mas eram isoladas do restante da popula\u00e7\u00e3o.<\/p>\n\n\n\n<p>Al\u00e9m disso, o pa\u00eds reduzir\u00e1 a frequ\u00eancia das testagens. At\u00e9 agora, os residentes tinham de apresentar testes realizados no prazo de 48 ou 72 horas para entrar na maioria dos locais p\u00fablicos. Uma reuni\u00e3o com um funcion\u00e1rio p\u00fablico, mesmo de escal\u00e3o inferior, normalmente tinha de ser precedida de tr\u00eas testes negativos de covid, realizados nos tr\u00eas dias anteriores.<\/p>\n\n\n\n<p>Os testes em larga escala ser\u00e3o realizados apenas em \u201cescolas, hospitais, asilos e locais de trabalho de alto risco\u201d, informou o governo de Xi Jinping. Antes dessa decis\u00e3o, cidades testavam sistematicamente a popula\u00e7\u00e3o mesmo que existisse um \u00fanico caso da doen\u00e7a, formando filas intermin\u00e1veis.<\/p>\n\n\n\n<p>O descontentamento da popula\u00e7\u00e3o com a pol\u00edtica restritiva da China tem sido abafado, inclusive nas redes sociais. Em 23 de novembro, trabalhadores da Foxxcon, contratada da Apple que produz 70% dos iPhones do mundo, fizeram o primeiro protesto, paralisando as atividades.<\/p>\n\n\n\n<p>No dia seguinte, um inc\u00eandio em um pr\u00e9dio em Urumqi, capital da Prov\u00edncia de Xinjiang, deixou dez mortos, o que foi o estopim dos protestos, j\u00e1 que pessoas n\u00e3o teriam sido salvas em raz\u00e3o dos bloqueios da covid.<\/p>\n\n\n\n<p>O an\u00fancio de quarta-feira subiu rapidamente para o t\u00f3pico mais visto na plataforma chinesa&nbsp;<strong><a href=\"https:\/\/us.weibo.com\/index\" target=\"_blank\" rel=\"noreferrer noopener\">Weibo<\/a><\/strong>, com muitas pessoas esperando um retorno \u00e0 normalidade depois de tr\u00eas anos de severas restri\u00e7\u00f5es, capazes de confinar cidades inteiras. Nessas situa\u00e7\u00f5es os moradores s\u00f3 t\u00eam autoriza\u00e7\u00e3o para sair em caso de grave emerg\u00eancia. \u201c\u00c9 hora de nossas vidas voltarem ao normal e de a China voltar ao mundo\u201d, escreveu um usu\u00e1rio do Weibo, segundo a ag\u00eancia&nbsp;<em>Reuters<\/em>.<\/p>\n","protected":false},"excerpt":{"rendered":"<p>Diante das intensas manifesta\u00e7\u00f5es que come\u00e7aram no \u00faltimo fim de semana de novembro, o Partido Comunista Chin\u00eas anunciou o afrouxamento \u2014 mas n\u00e3o o fim \u2014 das medidas da pol\u00edtica de covid zero na China. Entre as mudan\u00e7as, segundo documentos oficiais citados pela imprensa internacional, \u201cpessoas infectadas assintom\u00e1ticas e casos leves podem ser isolados em [&hellip;]<\/p>\n","protected":false},"author":2,"featured_media":13792,"comment_status":"open","ping_status":"open","sticky":false,"template":"","format":"standard","meta":[],"categories":[16],"tags":[],"_links":{"self":[{"href":"https:\/\/dgospel.com.br\/portal\/index.php\/wp-json\/wp\/v2\/posts\/13791"}],"collection":[{"href":"https:\/\/dgospel.com.br\/portal\/index.php\/wp-json\/wp\/v2\/posts"}],"about":[{"href":"https:\/\/dgospel.com.br\/portal\/index.php\/wp-json\/wp\/v2\/types\/post"}],"author":[{"embeddable":true,"href":"https:\/\/dgospel.com.br\/portal\/index.php\/wp-json\/wp\/v2\/users\/2"}],"replies":[{"embeddable":true,"href":"https:\/\/dgospel.com.br\/portal\/index.php\/wp-json\/wp\/v2\/comments?post=13791"}],"version-history":[{"count":1,"href":"https:\/\/dgospel.com.br\/portal\/index.php\/wp-json\/wp\/v2\/posts\/13791\/revisions"}],"predecessor-version":[{"id":13793,"href":"https:\/\/dgospel.com.br\/portal\/index.php\/wp-json\/wp\/v2\/posts\/13791\/revisions\/13793"}],"wp:featuredmedia":[{"embeddable":true,"href":"https:\/\/dgospel.com.br\/portal\/index.php\/wp-json\/wp\/v2\/media\/13792"}],"wp:attachment":[{"href":"https:\/\/dgospel.com.br\/portal\/index.php\/wp-json\/wp\/v2\/media?parent=13791"}],"wp:term":[{"taxonomy":"category","embeddable":true,"href":"https:\/\/dgospel.com.br\/portal\/index.php\/wp-json\/wp\/v2\/categories?post=13791"},{"taxonomy":"post_tag","embeddable":true,"href":"https:\/\/dgospel.com.br\/portal\/index.php\/wp-json\/wp\/v2\/tags?post=13791"}],"curies":[{"name":"wp","href":"https:\/\/api.w.org\/{rel}","templated":true}]}}