{"id":13794,"date":"2022-12-07T12:15:30","date_gmt":"2022-12-07T15:15:30","guid":{"rendered":"http:\/\/dgospel.com.br\/portal\/?p=13794"},"modified":"2022-12-07T12:15:31","modified_gmt":"2022-12-07T15:15:31","slug":"nunes-marques-envia-a-pgr-pedido-de-abertura-de-inquerito-criminal-contra-lula-e-gleisi-hoffmann","status":"publish","type":"post","link":"https:\/\/dgospel.com.br\/portal\/index.php\/2022\/12\/07\/nunes-marques-envia-a-pgr-pedido-de-abertura-de-inquerito-criminal-contra-lula-e-gleisi-hoffmann\/","title":{"rendered":"Nunes Marques envia \u00e0 PGR pedido de abertura de inqu\u00e9rito criminal contra Lula e Gleisi Hoffmann"},"content":{"rendered":"\n<p>Na manh\u00e3 desta quarta-feira (7), o ministro do STF, Nunes Marques, enviou \u00e0 Procuradoria-Geral da Rep\u00fablica, a a\u00e7\u00e3o do presidente Jair Bolsonaro que pede a abertura de inqu\u00e9rito criminal contra Lula e Gleisi Hoffmann, por crimes contra honra.<a rel=\"noreferrer noopener\" href=\"https:\/\/www.assembleia.pr.leg.br\/\" target=\"_blank\"><\/a><\/p>\n\n\n\n<p>A a\u00e7\u00e3o do mandat\u00e1rio tem como base as \u201cfalas ofensivas \u00e0 honra do representante e imputa\u00e7\u00e3o de fatos definidos como crime, solicitando que seja feita aprecia\u00e7\u00e3o do foro competente para processo e julgamento, bem como para eventual autoriza\u00e7\u00e3o de instaura\u00e7\u00e3o de inqu\u00e9rito policial\u201d.<\/p>\n\n\n\n<p>Essas falas aconteceram durante com\u00edcio no Complexo do Alem\u00e3o e em propaganda eleitoral, que chamaram o presidente de genocida, miliciano, assassino, dem\u00f4nio e canibal, al\u00e9m de ser responsabilizado pelo assassinato da ex-vereadora Marielle Franco.<\/p>\n\n\n\n<p>\u201cA representada tamb\u00e9m teria imputado ao representante a pr\u00e1tica de fatos definidos como crime, al\u00e9m de ter difamado e injuriado Jair Bolsonaro em diversas oportunidades. Assim gindo, os representados teriam, conforme a representa\u00e7\u00e3o, praticado os crimes previstos nos artigos 138, 139 e 140 do C\u00f3digo Penal\u201d, consta na a\u00e7\u00e3o de Bolsonaro.<\/p>\n","protected":false},"excerpt":{"rendered":"<p>Na manh\u00e3 desta quarta-feira (7), o ministro do STF, Nunes Marques, enviou \u00e0 Procuradoria-Geral da Rep\u00fablica, a a\u00e7\u00e3o do presidente Jair Bolsonaro que pede a abertura de inqu\u00e9rito criminal contra Lula e Gleisi Hoffmann, por crimes contra honra. A a\u00e7\u00e3o do mandat\u00e1rio tem como base as \u201cfalas ofensivas \u00e0 honra do representante e imputa\u00e7\u00e3o de [&hellip;]<\/p>\n","protected":false},"author":2,"featured_media":13795,"comment_status":"open","ping_status":"open","sticky":false,"template":"","format":"standard","meta":[],"categories":[10],"tags":[],"_links":{"self":[{"href":"https:\/\/dgospel.com.br\/portal\/index.php\/wp-json\/wp\/v2\/posts\/13794"}],"collection":[{"href":"https:\/\/dgospel.com.br\/portal\/index.php\/wp-json\/wp\/v2\/posts"}],"about":[{"href":"https:\/\/dgospel.com.br\/portal\/index.php\/wp-json\/wp\/v2\/types\/post"}],"author":[{"embeddable":true,"href":"https:\/\/dgospel.com.br\/portal\/index.php\/wp-json\/wp\/v2\/users\/2"}],"replies":[{"embeddable":true,"href":"https:\/\/dgospel.com.br\/portal\/index.php\/wp-json\/wp\/v2\/comments?post=13794"}],"version-history":[{"count":1,"href":"https:\/\/dgospel.com.br\/portal\/index.php\/wp-json\/wp\/v2\/posts\/13794\/revisions"}],"predecessor-version":[{"id":13796,"href":"https:\/\/dgospel.com.br\/portal\/index.php\/wp-json\/wp\/v2\/posts\/13794\/revisions\/13796"}],"wp:featuredmedia":[{"embeddable":true,"href":"https:\/\/dgospel.com.br\/portal\/index.php\/wp-json\/wp\/v2\/media\/13795"}],"wp:attachment":[{"href":"https:\/\/dgospel.com.br\/portal\/index.php\/wp-json\/wp\/v2\/media?parent=13794"}],"wp:term":[{"taxonomy":"category","embeddable":true,"href":"https:\/\/dgospel.com.br\/portal\/index.php\/wp-json\/wp\/v2\/categories?post=13794"},{"taxonomy":"post_tag","embeddable":true,"href":"https:\/\/dgospel.com.br\/portal\/index.php\/wp-json\/wp\/v2\/tags?post=13794"}],"curies":[{"name":"wp","href":"https:\/\/api.w.org\/{rel}","templated":true}]}}