{"id":13797,"date":"2022-12-07T12:24:38","date_gmt":"2022-12-07T15:24:38","guid":{"rendered":"http:\/\/dgospel.com.br\/portal\/?p=13797"},"modified":"2022-12-07T12:24:39","modified_gmt":"2022-12-07T15:24:39","slug":"bolsonaro-atualiza-programa-de-protecao-integrada-de-fronteiras","status":"publish","type":"post","link":"https:\/\/dgospel.com.br\/portal\/index.php\/2022\/12\/07\/bolsonaro-atualiza-programa-de-protecao-integrada-de-fronteiras\/","title":{"rendered":"Bolsonaro atualiza Programa de Prote\u00e7\u00e3o Integrada de Fronteiras"},"content":{"rendered":"\n<p>O presidente&nbsp;<a href=\"http:\/\/pleno.news\/tag\/jair-bolsonaro\" target=\"_blank\" rel=\"noreferrer noopener\">Jair Bolsonaro<\/a>&nbsp;(PL) editou um decreto publicado na edi\u00e7\u00e3o desta ter\u00e7a-feira (6) do Di\u00e1rio Oficial da Uni\u00e3o (DOU) que atualiza o Programa de Prote\u00e7\u00e3o Integrada de Fronteiras (PPIF). Institu\u00eddo em 2016, o programa tem como objetivo promover o fortalecimento da preven\u00e7\u00e3o, do controle, da fiscaliza\u00e7\u00e3o e da repress\u00e3o aos delitos transfronteiri\u00e7os.<\/p>\n\n\n\n<p>De acordo com o Gabinete de Seguran\u00e7a Institucional (<a rel=\"noreferrer noopener\" href=\"http:\/\/pleno.news\/tag\/gsi\" target=\"_blank\">GSI<\/a>), a atualiza\u00e7\u00e3o foi motivada pela \u201cevolu\u00e7\u00e3o da conjuntura que envolve os il\u00edcitos transfronteiri\u00e7os e as organiza\u00e7\u00f5es criminosas\u201d a partir da necessidade de ampliar a capacidade de resposta do Estado brasileiro \u201cpor meio do emprego amplificado de \u00f3rg\u00e3os e ag\u00eancias com atribui\u00e7\u00f5es afetas \u00e0 seguran\u00e7a fronteiri\u00e7a\u201d.<\/p>\n\n\n\n<p>\u2013 O PPIF \u00e9 um Programa essencial, uma vez que as amea\u00e7as transnacionais no subcontinente sul-americano, seguindo a tend\u00eancia global, t\u00eam apresentado significativo crescimento, diversifica\u00e7\u00e3o e articula\u00e7\u00e3o em redes de il\u00edcitos, aumentando sua resili\u00eancia, n\u00e3o obstante os esfor\u00e7os crescentes dos \u00f3rg\u00e3os competentes \u2013 destacou o \u00f3rg\u00e3o, em nota.<\/p>\n\n\n\n<p>Com a atualiza\u00e7\u00e3o, o decreto possibilita, de acordo com o GSI, uma maior celeridade e articula\u00e7\u00e3o nas a\u00e7\u00f5es dos \u00f3rg\u00e3os envolvidos no programa, bem como proporciona melhores condi\u00e7\u00f5es para a integra\u00e7\u00e3o com \u00f3rg\u00e3os e entidades de entes federados da faixa de fronteira, que passam a compor o Comit\u00ea-Executivo do PPIF.<\/p>\n\n\n\n<p>Al\u00e9m dos \u00f3rg\u00e3os que j\u00e1 faziam parte do comit\u00ea, como as For\u00e7as Armadas, o Minist\u00e9rio da Justi\u00e7a e o Departamento Penitenci\u00e1rio Nacional, o decreto adiciona novos integrantes ao grupo, como a Secretaria de Defesa Agropecu\u00e1ria, do Minist\u00e9rio da Agricultura, e o Departamento de Desenvolvimento Regional e Urbano, do Minist\u00e9rio do Desenvolvimento Regional.<\/p>\n\n\n\n<p>H\u00e1 tamb\u00e9m mudan\u00e7as no texto do decreto que instituiu o PPIF que tornam a atribui\u00e7\u00e3o do programa mais espec\u00edfica. Uma delas, por exemplo, deixa claro que uma das diretrizes do projeto \u00e9 servir para o \u201cfortalecimento da preven\u00e7\u00e3o, do controle, da fiscaliza\u00e7\u00e3o e da repress\u00e3o \u00e0s infra\u00e7\u00f5es administrativas e penais de car\u00e1ter transfronteiri\u00e7o\u201d, algo que n\u00e3o constava no texto anterior.<\/p>\n\n\n\n<p>Outra altera\u00e7\u00e3o inserida na atualiza\u00e7\u00e3o do programa \u00e9 o fim da exig\u00eancia de que cada \u00f3rg\u00e3o que comp\u00f5e o Comit\u00ea-Executivo do PPIF tenha apenas um representante titular e um representante suplente. Com a mudan\u00e7a, n\u00e3o h\u00e1 mais uma delimita\u00e7\u00e3o do n\u00famero de participantes para cada ente.<\/p>\n","protected":false},"excerpt":{"rendered":"<p>O presidente&nbsp;Jair Bolsonaro&nbsp;(PL) editou um decreto publicado na edi\u00e7\u00e3o desta ter\u00e7a-feira (6) do Di\u00e1rio Oficial da Uni\u00e3o (DOU) que atualiza o Programa de Prote\u00e7\u00e3o Integrada de Fronteiras (PPIF). Institu\u00eddo em 2016, o programa tem como objetivo promover o fortalecimento da preven\u00e7\u00e3o, do controle, da fiscaliza\u00e7\u00e3o e da repress\u00e3o aos delitos transfronteiri\u00e7os. De acordo com o [&hellip;]<\/p>\n","protected":false},"author":2,"featured_media":13798,"comment_status":"open","ping_status":"open","sticky":false,"template":"","format":"standard","meta":[],"categories":[10],"tags":[],"_links":{"self":[{"href":"https:\/\/dgospel.com.br\/portal\/index.php\/wp-json\/wp\/v2\/posts\/13797"}],"collection":[{"href":"https:\/\/dgospel.com.br\/portal\/index.php\/wp-json\/wp\/v2\/posts"}],"about":[{"href":"https:\/\/dgospel.com.br\/portal\/index.php\/wp-json\/wp\/v2\/types\/post"}],"author":[{"embeddable":true,"href":"https:\/\/dgospel.com.br\/portal\/index.php\/wp-json\/wp\/v2\/users\/2"}],"replies":[{"embeddable":true,"href":"https:\/\/dgospel.com.br\/portal\/index.php\/wp-json\/wp\/v2\/comments?post=13797"}],"version-history":[{"count":1,"href":"https:\/\/dgospel.com.br\/portal\/index.php\/wp-json\/wp\/v2\/posts\/13797\/revisions"}],"predecessor-version":[{"id":13799,"href":"https:\/\/dgospel.com.br\/portal\/index.php\/wp-json\/wp\/v2\/posts\/13797\/revisions\/13799"}],"wp:featuredmedia":[{"embeddable":true,"href":"https:\/\/dgospel.com.br\/portal\/index.php\/wp-json\/wp\/v2\/media\/13798"}],"wp:attachment":[{"href":"https:\/\/dgospel.com.br\/portal\/index.php\/wp-json\/wp\/v2\/media?parent=13797"}],"wp:term":[{"taxonomy":"category","embeddable":true,"href":"https:\/\/dgospel.com.br\/portal\/index.php\/wp-json\/wp\/v2\/categories?post=13797"},{"taxonomy":"post_tag","embeddable":true,"href":"https:\/\/dgospel.com.br\/portal\/index.php\/wp-json\/wp\/v2\/tags?post=13797"}],"curies":[{"name":"wp","href":"https:\/\/api.w.org\/{rel}","templated":true}]}}