{"id":138,"date":"2018-05-14T22:03:39","date_gmt":"2018-05-15T01:03:39","guid":{"rendered":"http:\/\/dgospel.com.br\/portal\/?p=138"},"modified":"2018-05-14T22:27:50","modified_gmt":"2018-05-15T01:27:50","slug":"dona-de-kitnets-e-condenada-a-indenizar-inquilina-por-causa-de-um-incendio-ocorrido-no-imovel","status":"publish","type":"post","link":"https:\/\/dgospel.com.br\/portal\/index.php\/2018\/05\/14\/dona-de-kitnets-e-condenada-a-indenizar-inquilina-por-causa-de-um-incendio-ocorrido-no-imovel\/","title":{"rendered":"Dona de kitnet \u00e9 condenada a indenizar inquilina por causa de um inc\u00eandio ocorrido no im\u00f3vel"},"content":{"rendered":"<p>A dona de um conjunto de kitnets no Jardim Aureny I, em Palmas, foi condenada a indenizar a inquilina por causa de um inc\u00eandio ocorrido em um dos im\u00f3veis. O fogo destruiu eletrodom\u00e9sticos, m\u00f3veis e objetos da moradora ainda em 2016. Na decis\u00e3o desta segunda-feira (14), o juiz Rubem Ribeiro de Carvalho determinou o pagamento de R$ 9,2 mil por danos morais e materiais.<\/p>\n<p style=\"font-style: inherit; font-weight: inherit;\" data-track-category=\"Link no Texto\" data-track-links=\"\">Conforme consta na decis\u00e3o, o inc\u00eandio foi causado por curto-circuito na rede el\u00e9trica, na manh\u00e3 de no dia 19 de setembro de 2016. Durante o processo foi comprovado que as instala\u00e7\u00f5es el\u00e9tricas da kitnet estavam em &#8220;p\u00e9ssimas condi\u00e7\u00f5es&#8221;.<\/p>\n<p style=\"font-style: inherit; font-weight: inherit;\" data-track-category=\"Link no Texto\" data-track-links=\"\">No momento do inc\u00eandio, a inquilina e o filho, que tinha menos de um ano na \u00e9poca, estavam no supermercado. Para o juiz, al\u00e9m dos danos materiais, o inc\u00eandio colocou em risco a vida e a seguran\u00e7a de todos os moradores das kitnets.<\/p>\n<p style=\"font-style: inherit; font-weight: inherit;\" data-track-category=\"Link no Texto\" data-track-links=\"\">&#8220;Em raz\u00e3o das condi\u00e7\u00f5es habitacionais tratadas, a autora fora exposta a perigo excessivo por neglig\u00eancia da r\u00e9 em n\u00e3o realizar as manuten\u00e7\u00f5es da kitnet que alugava&#8221;, apontou na decis\u00e3o.<\/p>\n<p style=\"font-style: inherit; font-weight: inherit;\" data-track-category=\"Link no Texto\" data-track-links=\"\">A dona das kitnets ainda pode recorrer da decis\u00e3o.<\/p>\n<p>Fonte: G1TO<\/p>\n","protected":false},"excerpt":{"rendered":"<p>A dona de um conjunto de kitnets no Jardim Aureny I, em Palmas, foi condenada a indenizar a inquilina por causa de um inc\u00eandio ocorrido em um dos im\u00f3veis. O fogo destruiu eletrodom\u00e9sticos, m\u00f3veis e objetos da moradora ainda em 2016. Na decis\u00e3o desta segunda-feira (14), o juiz Rubem Ribeiro de Carvalho determinou o pagamento [&hellip;]<\/p>\n","protected":false},"author":2,"featured_media":139,"comment_status":"open","ping_status":"open","sticky":false,"template":"","format":"standard","meta":[],"categories":[2,3],"tags":[],"_links":{"self":[{"href":"https:\/\/dgospel.com.br\/portal\/index.php\/wp-json\/wp\/v2\/posts\/138"}],"collection":[{"href":"https:\/\/dgospel.com.br\/portal\/index.php\/wp-json\/wp\/v2\/posts"}],"about":[{"href":"https:\/\/dgospel.com.br\/portal\/index.php\/wp-json\/wp\/v2\/types\/post"}],"author":[{"embeddable":true,"href":"https:\/\/dgospel.com.br\/portal\/index.php\/wp-json\/wp\/v2\/users\/2"}],"replies":[{"embeddable":true,"href":"https:\/\/dgospel.com.br\/portal\/index.php\/wp-json\/wp\/v2\/comments?post=138"}],"version-history":[{"count":2,"href":"https:\/\/dgospel.com.br\/portal\/index.php\/wp-json\/wp\/v2\/posts\/138\/revisions"}],"predecessor-version":[{"id":141,"href":"https:\/\/dgospel.com.br\/portal\/index.php\/wp-json\/wp\/v2\/posts\/138\/revisions\/141"}],"wp:featuredmedia":[{"embeddable":true,"href":"https:\/\/dgospel.com.br\/portal\/index.php\/wp-json\/wp\/v2\/media\/139"}],"wp:attachment":[{"href":"https:\/\/dgospel.com.br\/portal\/index.php\/wp-json\/wp\/v2\/media?parent=138"}],"wp:term":[{"taxonomy":"category","embeddable":true,"href":"https:\/\/dgospel.com.br\/portal\/index.php\/wp-json\/wp\/v2\/categories?post=138"},{"taxonomy":"post_tag","embeddable":true,"href":"https:\/\/dgospel.com.br\/portal\/index.php\/wp-json\/wp\/v2\/tags?post=138"}],"curies":[{"name":"wp","href":"https:\/\/api.w.org\/{rel}","templated":true}]}}