{"id":13800,"date":"2022-12-08T22:10:51","date_gmt":"2022-12-09T01:10:51","guid":{"rendered":"http:\/\/dgospel.com.br\/portal\/?p=13800"},"modified":"2022-12-08T22:51:09","modified_gmt":"2022-12-09T01:51:09","slug":"flavio-bolsonaro-revela-que-nunca-afirmou-que-seu-pai-passaria-a-faixa-para-lula","status":"publish","type":"post","link":"https:\/\/dgospel.com.br\/portal\/index.php\/2022\/12\/08\/flavio-bolsonaro-revela-que-nunca-afirmou-que-seu-pai-passaria-a-faixa-para-lula\/","title":{"rendered":"Fl\u00e1vio Bolsonaro revela que nunca afirmou que seu pai passaria a faixa para Lula"},"content":{"rendered":"\n<p>O senador Fl\u00e1vio Bolsonaro falou nesta quinta-feira (8) no programa&nbsp;<em>Pingo nos Is<\/em>, da Jovem Pan, sobre o atual momento pol\u00edtico do pa\u00eds.<\/p>\n\n\n\n<p>Filho do presidente Jair Bolsonaro, o parlamentar revelou que nunca afirmou que seu pai passaria a faixa para o petista \u2013 como foi publicado pelo UOL \u2013 e disse que aguarda a posi\u00e7\u00e3o do atual presidente.<\/p>\n\n\n\n<p>\u2013 Isso \u00e9 mentira, eu jamais ouvi isso do meu pai [passar a faixa para Lula] e se eu tivesse ouvido, jamais verbalizaria para uma jornalista do UOL. Eu tenho me preservado de usar as redes sociais em respeito \u00e0 decis\u00e3o, ao encaminhamento, que o meu grande l\u00edder de vida e pol\u00edtico vai dar no tempo dele \u2013 afirmou.<\/p>\n\n\n\n<p>O parlamentar tamb\u00e9m afirmou que ningu\u00e9m pode dizer qual ser\u00e1 a posi\u00e7\u00e3o do presidente, pois \u201cningu\u00e9m sabe o que ele quer fazer\u201d.<\/p>\n\n\n\n<p><strong>MANIFESTA\u00c7\u00d5ES PELO BRASIL<\/strong><br>Fl\u00e1vio Bolsonaro tamb\u00e9m falou sobre as manifesta\u00e7\u00f5es, dizendo que se identifica com as pessoas que est\u00e3o nas ruas, mas que pela sua posi\u00e7\u00e3o ele precisa se guardar e seguir como se tudo estivesse na normalidade.<\/p>\n\n\n\n<p>\u2013 Eu me identifico muito com quem est\u00e1 nas ruas, mas sei da responsabilidade que eu carrego com o meu sobrenome, em especial pela converg\u00eancia de pautas, de princ\u00edpios, preocupa\u00e7\u00f5es e de estarem se sentindo v\u00edtimas de todo este processo e eu tamb\u00e9m me sinto \u2013 completou.<\/p>\n\n\n\n<p>Em outro ponto da entrevista, o senador revelou que gostaria de estar nas manifesta\u00e7\u00f5es para poder discursar e desabafar, mas que ele n\u00e3o pode.<\/p>\n\n\n\n<p>\u2013 Eu falando, o establishment aqui de Bras\u00edlia vai pensar que \u00e9 o meu pai falando, mas n\u00e3o \u00e9. N\u00f3s temos CPFs diferentes \u2013 completou.<\/p>\n\n\n\n<p><strong>ASSISTA:<\/strong><\/p>\n\n\n\n<figure class=\"wp-block-embed is-type-video is-provider-youtube wp-block-embed-youtube wp-embed-aspect-16-9 wp-has-aspect-ratio\"><div class=\"wp-block-embed__wrapper\">\n<iframe loading=\"lazy\" title=\"OS PINGOS NOS IS - 08\/12\/2022\" width=\"630\" height=\"354\" src=\"https:\/\/www.youtube.com\/embed\/QgyLF3LCMDk?start=7531&#038;feature=oembed\" frameborder=\"0\" allow=\"accelerometer; autoplay; clipboard-write; encrypted-media; gyroscope; picture-in-picture\" allowfullscreen><\/iframe>\n<\/div><\/figure>\n","protected":false},"excerpt":{"rendered":"<p>O senador Fl\u00e1vio Bolsonaro falou nesta quinta-feira (8) no programa&nbsp;Pingo nos Is, da Jovem Pan, sobre o atual momento pol\u00edtico do pa\u00eds. Filho do presidente Jair Bolsonaro, o parlamentar revelou que nunca afirmou que seu pai passaria a faixa para o petista \u2013 como foi publicado pelo UOL \u2013 e disse que aguarda a posi\u00e7\u00e3o [&hellip;]<\/p>\n","protected":false},"author":2,"featured_media":13801,"comment_status":"open","ping_status":"open","sticky":false,"template":"","format":"standard","meta":[],"categories":[4,1],"tags":[],"_links":{"self":[{"href":"https:\/\/dgospel.com.br\/portal\/index.php\/wp-json\/wp\/v2\/posts\/13800"}],"collection":[{"href":"https:\/\/dgospel.com.br\/portal\/index.php\/wp-json\/wp\/v2\/posts"}],"about":[{"href":"https:\/\/dgospel.com.br\/portal\/index.php\/wp-json\/wp\/v2\/types\/post"}],"author":[{"embeddable":true,"href":"https:\/\/dgospel.com.br\/portal\/index.php\/wp-json\/wp\/v2\/users\/2"}],"replies":[{"embeddable":true,"href":"https:\/\/dgospel.com.br\/portal\/index.php\/wp-json\/wp\/v2\/comments?post=13800"}],"version-history":[{"count":1,"href":"https:\/\/dgospel.com.br\/portal\/index.php\/wp-json\/wp\/v2\/posts\/13800\/revisions"}],"predecessor-version":[{"id":13802,"href":"https:\/\/dgospel.com.br\/portal\/index.php\/wp-json\/wp\/v2\/posts\/13800\/revisions\/13802"}],"wp:featuredmedia":[{"embeddable":true,"href":"https:\/\/dgospel.com.br\/portal\/index.php\/wp-json\/wp\/v2\/media\/13801"}],"wp:attachment":[{"href":"https:\/\/dgospel.com.br\/portal\/index.php\/wp-json\/wp\/v2\/media?parent=13800"}],"wp:term":[{"taxonomy":"category","embeddable":true,"href":"https:\/\/dgospel.com.br\/portal\/index.php\/wp-json\/wp\/v2\/categories?post=13800"},{"taxonomy":"post_tag","embeddable":true,"href":"https:\/\/dgospel.com.br\/portal\/index.php\/wp-json\/wp\/v2\/tags?post=13800"}],"curies":[{"name":"wp","href":"https:\/\/api.w.org\/{rel}","templated":true}]}}