{"id":13803,"date":"2022-12-08T22:24:27","date_gmt":"2022-12-09T01:24:27","guid":{"rendered":"http:\/\/dgospel.com.br\/portal\/?p=13803"},"modified":"2022-12-08T22:24:29","modified_gmt":"2022-12-09T01:24:29","slug":"stm-elege-novo-presidente-ministro-francisco-joseli-parente-camelo","status":"publish","type":"post","link":"https:\/\/dgospel.com.br\/portal\/index.php\/2022\/12\/08\/stm-elege-novo-presidente-ministro-francisco-joseli-parente-camelo\/","title":{"rendered":"STM elege novo presidente, ministro Francisco Joseli Parente Camelo"},"content":{"rendered":"\n<p>Os ministros do Superior Tribunal Militar (STM) elegeram o novo presidente da Corte, o Tenente Brigadeiro do Ar Francisco Joseli Parente Camelo.\u00a0A vota\u00e7\u00e3o foi presencial entre colegiado do STM, composto por dez oficiais generais do \u00faltimo posto das For\u00e7as Armadas e cinco civis.<a rel=\"noreferrer noopener\" href=\"https:\/\/www.assembleia.pr.leg.br\/\" target=\"_blank\"><\/a><\/p>\n\n\n\n<p>Na mesma sess\u00e3o de vota\u00e7\u00e3o, foi eleito como vice-presidente o ministro Jos\u00e9 Co\u00ealho Ferreira. Ambos integrar\u00e3o a presid\u00eancia da Corte no bi\u00eanio 2023-2025.<\/p>\n\n\n\n<p>O ministro Joseli tem 69 anos, \u00e9 natural de Fortaleza (CE) e ministro desde maio de 2015.<\/p>\n\n\n\n<p>No STM, participou de importantes julgamentos da Corte, integrou o Grupo de Trabalho para o desenvolvimento de estudos visando ao aperfei\u00e7oamento da Justi\u00e7a Militar nos \u00e2mbitos federal e estadual e foi Diretor da Escola Nacional de Forma\u00e7\u00e3o e Aperfei\u00e7oamento de Magistrados da Justi\u00e7a Militar da Uni\u00e3o (ENAJUM), no bi\u00eanio 2020\/2021.<\/p>\n","protected":false},"excerpt":{"rendered":"<p>Os ministros do Superior Tribunal Militar (STM) elegeram o novo presidente da Corte, o Tenente Brigadeiro do Ar Francisco Joseli Parente Camelo.\u00a0A vota\u00e7\u00e3o foi presencial entre colegiado do STM, composto por dez oficiais generais do \u00faltimo posto das For\u00e7as Armadas e cinco civis. Na mesma sess\u00e3o de vota\u00e7\u00e3o, foi eleito como vice-presidente o ministro Jos\u00e9 [&hellip;]<\/p>\n","protected":false},"author":2,"featured_media":13804,"comment_status":"open","ping_status":"open","sticky":false,"template":"","format":"standard","meta":[],"categories":[10],"tags":[13],"_links":{"self":[{"href":"https:\/\/dgospel.com.br\/portal\/index.php\/wp-json\/wp\/v2\/posts\/13803"}],"collection":[{"href":"https:\/\/dgospel.com.br\/portal\/index.php\/wp-json\/wp\/v2\/posts"}],"about":[{"href":"https:\/\/dgospel.com.br\/portal\/index.php\/wp-json\/wp\/v2\/types\/post"}],"author":[{"embeddable":true,"href":"https:\/\/dgospel.com.br\/portal\/index.php\/wp-json\/wp\/v2\/users\/2"}],"replies":[{"embeddable":true,"href":"https:\/\/dgospel.com.br\/portal\/index.php\/wp-json\/wp\/v2\/comments?post=13803"}],"version-history":[{"count":1,"href":"https:\/\/dgospel.com.br\/portal\/index.php\/wp-json\/wp\/v2\/posts\/13803\/revisions"}],"predecessor-version":[{"id":13805,"href":"https:\/\/dgospel.com.br\/portal\/index.php\/wp-json\/wp\/v2\/posts\/13803\/revisions\/13805"}],"wp:featuredmedia":[{"embeddable":true,"href":"https:\/\/dgospel.com.br\/portal\/index.php\/wp-json\/wp\/v2\/media\/13804"}],"wp:attachment":[{"href":"https:\/\/dgospel.com.br\/portal\/index.php\/wp-json\/wp\/v2\/media?parent=13803"}],"wp:term":[{"taxonomy":"category","embeddable":true,"href":"https:\/\/dgospel.com.br\/portal\/index.php\/wp-json\/wp\/v2\/categories?post=13803"},{"taxonomy":"post_tag","embeddable":true,"href":"https:\/\/dgospel.com.br\/portal\/index.php\/wp-json\/wp\/v2\/tags?post=13803"}],"curies":[{"name":"wp","href":"https:\/\/api.w.org\/{rel}","templated":true}]}}