{"id":13806,"date":"2022-12-08T22:26:39","date_gmt":"2022-12-09T01:26:39","guid":{"rendered":"http:\/\/dgospel.com.br\/portal\/?p=13806"},"modified":"2022-12-08T22:26:40","modified_gmt":"2022-12-09T01:26:40","slug":"stm-acata-representacao-contra-alexandre-de-moraes","status":"publish","type":"post","link":"https:\/\/dgospel.com.br\/portal\/index.php\/2022\/12\/08\/stm-acata-representacao-contra-alexandre-de-moraes\/","title":{"rendered":"STM acata representa\u00e7\u00e3o contra Alexandre de Moraes"},"content":{"rendered":"\n<p>Segundo publica\u00e7\u00e3o do site Metr\u00f3poles, o ex-juiz do Tribunal de Justi\u00e7a do Amap\u00e1, Wilson Issao Koressawa, entrou com uma representa\u00e7\u00e3o criminal e not\u00edcia crime que pede a pris\u00e3o preventiva de Alexandre de Moraes, ministro do STF e presidente do TSE.<\/p>\n\n\n\n<p><a href=\"https:\/\/www.assembleia.pr.leg.br\/\" target=\"_blank\" rel=\"noreferrer noopener\"><\/a><\/p>\n\n\n\n<p>O Minist\u00e9rio P\u00fablico Militar acatou a representa\u00e7\u00e3o e j\u00e1 designou o ministro Artur Vidigal de Oliveira como relator do caso. Dentro do processo j\u00e1 houve duas peti\u00e7\u00f5es que n\u00e3o est\u00e3o dispon\u00edveis para consulta. Koressawa protocolou o pedido nesta quinta-feira (8), \u00e0s 18h22, no Superior Tribunal Militar (STM), sob o n\u00famero do processo 7000839-44.2022.7.00.0000.<\/p>\n\n\n\n<figure class=\"wp-block-image\"><a href=\"https:\/\/horabrasilia.com.br\/wp-content\/uploads\/2022\/12\/whatsapp-image-2022-12-08-at-214224.jpeg\"><img src=\"https:\/\/horabrasilia.com.br\/wp-content\/uploads\/2022\/12\/whatsapp-image-2022-12-08-at-214224.jpeg\" alt=\"\" class=\"wp-image-35533\"\/><\/a><\/figure>\n\n\n\n<figure class=\"wp-block-image\"><a href=\"https:\/\/horabrasilia.com.br\/wp-content\/uploads\/2022\/12\/whatsapp-image-2022-12-08-at-214225.jpeg\"><img src=\"https:\/\/horabrasilia.com.br\/wp-content\/uploads\/2022\/12\/whatsapp-image-2022-12-08-at-214225.jpeg\" alt=\"\" class=\"wp-image-35534\"\/><\/a><\/figure>\n","protected":false},"excerpt":{"rendered":"<p>Segundo publica\u00e7\u00e3o do site Metr\u00f3poles, o ex-juiz do Tribunal de Justi\u00e7a do Amap\u00e1, Wilson Issao Koressawa, entrou com uma representa\u00e7\u00e3o criminal e not\u00edcia crime que pede a pris\u00e3o preventiva de Alexandre de Moraes, ministro do STF e presidente do TSE. O Minist\u00e9rio P\u00fablico Militar acatou a representa\u00e7\u00e3o e j\u00e1 designou o ministro Artur Vidigal de [&hellip;]<\/p>\n","protected":false},"author":2,"featured_media":13807,"comment_status":"open","ping_status":"open","sticky":false,"template":"","format":"standard","meta":[],"categories":[10],"tags":[13],"_links":{"self":[{"href":"https:\/\/dgospel.com.br\/portal\/index.php\/wp-json\/wp\/v2\/posts\/13806"}],"collection":[{"href":"https:\/\/dgospel.com.br\/portal\/index.php\/wp-json\/wp\/v2\/posts"}],"about":[{"href":"https:\/\/dgospel.com.br\/portal\/index.php\/wp-json\/wp\/v2\/types\/post"}],"author":[{"embeddable":true,"href":"https:\/\/dgospel.com.br\/portal\/index.php\/wp-json\/wp\/v2\/users\/2"}],"replies":[{"embeddable":true,"href":"https:\/\/dgospel.com.br\/portal\/index.php\/wp-json\/wp\/v2\/comments?post=13806"}],"version-history":[{"count":1,"href":"https:\/\/dgospel.com.br\/portal\/index.php\/wp-json\/wp\/v2\/posts\/13806\/revisions"}],"predecessor-version":[{"id":13808,"href":"https:\/\/dgospel.com.br\/portal\/index.php\/wp-json\/wp\/v2\/posts\/13806\/revisions\/13808"}],"wp:featuredmedia":[{"embeddable":true,"href":"https:\/\/dgospel.com.br\/portal\/index.php\/wp-json\/wp\/v2\/media\/13807"}],"wp:attachment":[{"href":"https:\/\/dgospel.com.br\/portal\/index.php\/wp-json\/wp\/v2\/media?parent=13806"}],"wp:term":[{"taxonomy":"category","embeddable":true,"href":"https:\/\/dgospel.com.br\/portal\/index.php\/wp-json\/wp\/v2\/categories?post=13806"},{"taxonomy":"post_tag","embeddable":true,"href":"https:\/\/dgospel.com.br\/portal\/index.php\/wp-json\/wp\/v2\/tags?post=13806"}],"curies":[{"name":"wp","href":"https:\/\/api.w.org\/{rel}","templated":true}]}}