{"id":13809,"date":"2022-12-08T22:29:44","date_gmt":"2022-12-09T01:29:44","guid":{"rendered":"http:\/\/dgospel.com.br\/portal\/?p=13809"},"modified":"2022-12-08T22:29:46","modified_gmt":"2022-12-09T01:29:46","slug":"prisao-do-empresario-milton-baldin-foi-um-pedido-do-chefe-de-seguranca-de-lula-diz-site","status":"publish","type":"post","link":"https:\/\/dgospel.com.br\/portal\/index.php\/2022\/12\/08\/prisao-do-empresario-milton-baldin-foi-um-pedido-do-chefe-de-seguranca-de-lula-diz-site\/","title":{"rendered":"Pris\u00e3o do empres\u00e1rio Milton Baldin foi um pedido do chefe de seguran\u00e7a de Lula, diz site"},"content":{"rendered":"\n<p>A pris\u00e3o do empres\u00e1rio Milton Baldin, determinada pelo ministro Alexandre de Moraes, do Supremo Tribunal Federal (STF), foi um pedido do coordenador da equipe de seguran\u00e7a do presidente eleito Luiz In\u00e1cio Lula da Silva (PT), Andrei Passos Rodrigues, segundo publica\u00e7\u00e3o do Portal UOL e Folha de S. Paulo.<\/p>\n\n\n\n<p><a href=\"https:\/\/www.assembleia.pr.leg.br\/\" target=\"_blank\" rel=\"noreferrer noopener\"><\/a><\/p>\n\n\n\n<p>Segundos os sites, Rodrigues \u00e9 delegado federal, chefe de seguran\u00e7a de Lula e j\u00e1 foi o respons\u00e1vel pela seguran\u00e7a da ex-presidente Dilma Rousseff na campanha de 2010, chegando a ser cotado tanto para o comando da Ag\u00eancia Brasileira de Intelig\u00eancia (Abin) quanto para a diretoria-geral da Pol\u00edcia Federal, em 2011. Atualmente \u00e9 o principal cotado para ser o diretor-geral da Pol\u00edcia Federal.<\/p>\n\n\n\n<p>Baldin foi preso pela Pol\u00edcia Federal na noite de ter\u00e7a-feira (6), em Bras\u00edlia, no acampamento em frente ao Quartel General do Ex\u00e9rcito.<\/p>\n\n\n\n<p>A peti\u00e7\u00e3o da pris\u00e3o, feita por Andrei Rodrigues, relata sua condi\u00e7\u00e3o de coordenador de seguran\u00e7a de Lula e tem como argumento principal a \u201cgarantia de seguran\u00e7a do presidente eleito\u201d.<\/p>\n\n\n\n<h1><\/h1>\n","protected":false},"excerpt":{"rendered":"<p>A pris\u00e3o do empres\u00e1rio Milton Baldin, determinada pelo ministro Alexandre de Moraes, do Supremo Tribunal Federal (STF), foi um pedido do coordenador da equipe de seguran\u00e7a do presidente eleito Luiz In\u00e1cio Lula da Silva (PT), Andrei Passos Rodrigues, segundo publica\u00e7\u00e3o do Portal UOL e Folha de S. Paulo. Segundos os sites, Rodrigues \u00e9 delegado federal, [&hellip;]<\/p>\n","protected":false},"author":2,"featured_media":13810,"comment_status":"open","ping_status":"open","sticky":false,"template":"","format":"standard","meta":[],"categories":[4],"tags":[],"_links":{"self":[{"href":"https:\/\/dgospel.com.br\/portal\/index.php\/wp-json\/wp\/v2\/posts\/13809"}],"collection":[{"href":"https:\/\/dgospel.com.br\/portal\/index.php\/wp-json\/wp\/v2\/posts"}],"about":[{"href":"https:\/\/dgospel.com.br\/portal\/index.php\/wp-json\/wp\/v2\/types\/post"}],"author":[{"embeddable":true,"href":"https:\/\/dgospel.com.br\/portal\/index.php\/wp-json\/wp\/v2\/users\/2"}],"replies":[{"embeddable":true,"href":"https:\/\/dgospel.com.br\/portal\/index.php\/wp-json\/wp\/v2\/comments?post=13809"}],"version-history":[{"count":1,"href":"https:\/\/dgospel.com.br\/portal\/index.php\/wp-json\/wp\/v2\/posts\/13809\/revisions"}],"predecessor-version":[{"id":13811,"href":"https:\/\/dgospel.com.br\/portal\/index.php\/wp-json\/wp\/v2\/posts\/13809\/revisions\/13811"}],"wp:featuredmedia":[{"embeddable":true,"href":"https:\/\/dgospel.com.br\/portal\/index.php\/wp-json\/wp\/v2\/media\/13810"}],"wp:attachment":[{"href":"https:\/\/dgospel.com.br\/portal\/index.php\/wp-json\/wp\/v2\/media?parent=13809"}],"wp:term":[{"taxonomy":"category","embeddable":true,"href":"https:\/\/dgospel.com.br\/portal\/index.php\/wp-json\/wp\/v2\/categories?post=13809"},{"taxonomy":"post_tag","embeddable":true,"href":"https:\/\/dgospel.com.br\/portal\/index.php\/wp-json\/wp\/v2\/tags?post=13809"}],"curies":[{"name":"wp","href":"https:\/\/api.w.org\/{rel}","templated":true}]}}