{"id":1381,"date":"2018-09-20T13:01:58","date_gmt":"2018-09-20T16:01:58","guid":{"rendered":"http:\/\/dgospel.com.br\/portal\/?p=1381"},"modified":"2018-09-20T13:01:58","modified_gmt":"2018-09-20T16:01:58","slug":"meirelles-classifica-campanha-do-pt-como-radical-e-diz-que-haddad-so-cumpre-ordens-de-lula","status":"publish","type":"post","link":"https:\/\/dgospel.com.br\/portal\/index.php\/2018\/09\/20\/meirelles-classifica-campanha-do-pt-como-radical-e-diz-que-haddad-so-cumpre-ordens-de-lula\/","title":{"rendered":"Meirelles classifica campanha do PT como radical e diz que Haddad s\u00f3 cumpre ordens de Lula"},"content":{"rendered":"<p style=\"background: white;\"><span style=\"font-family: 'Tahoma','sans-serif'; color: black;\">Candidato do MDB \u00e0 Presid\u00eancia da Rep\u00fablica, Henrique Meirelles subiu o tom contra Fernando Haddad e disse nesta quarta-feira (19) que o candidato do PT apenas cumpre ordens do ex-presidente Lula. O ex-ministro classificou ainda a campanha do PT como &#8220;radical&#8221;. A declara\u00e7\u00e3o foi dada em entrevista no f\u00f3rum Amarelas, organizado pela Veja, em S\u00e3o Paulo.<\/span><\/p>\n<p style=\"background: white; font-variant-ligatures: normal; font-variant-caps: normal; orphans: 2; text-align: start; white-space: pre-wrap; widows: 2; -webkit-text-stroke-width: 0px; text-decoration-style: initial; text-decoration-color: initial; word-spacing: 0px;\"><span style=\"font-family: 'Tahoma','sans-serif'; color: black;\">Ao comentar sobre a polariza\u00e7\u00e3o dos eleitores, Meirelles afirmou que \u00e0 medida em que se aproxima o dia das elei\u00e7\u00f5es, os brasileiros, antes de votar, pensam mais e mostram preocupa\u00e7\u00e3o com o futuro do pa\u00eds.<\/span><\/p>\n<p style=\"background: white; font-variant-ligatures: normal; font-variant-caps: normal; orphans: 2; text-align: start; white-space: pre-wrap; widows: 2; -webkit-text-stroke-width: 0px; text-decoration-style: initial; text-decoration-color: initial; word-spacing: 0px;\"><span style=\"font-family: 'Tahoma','sans-serif'; color: black;\">Ao comentar o plano econ\u00f4mico de Ciro Gomes, reafirmou que as propostas do candidato do PDT s\u00e3o &#8220;irrealistas&#8221;. Perguntando sobre a \u00faltima pesquisa Ibope, o ex-ministro defendeu sua candidatura e disse que s\u00e3o reais as chances dele ganhar a elei\u00e7\u00e3o.<\/span><\/p>\n<p style=\"background: white;\"><span style=\"font-family: 'Tahoma','sans-serif'; color: black;\">\u201cNo momento em que enxergarem uma alternativa de algu\u00e9m competente, equilibrado que tem condi\u00e7\u00f5es de administrar bem o pa\u00eds, j\u00e1 mostrou que pode fazer isso, a\u00ed a situa\u00e7\u00e3o pode mudar rapidamente. O que n\u00f3s estamos vendo \u00e9 que esse crescimento fort\u00edssimo, que eu tenho de uma base baixa, mas que come\u00e7ou rapidamente a crescer, ele vem de diversos candidatos. N\u00e3o vem especificamente de um candidato por conta desse quadro\u201d, afirmou.<\/span><\/p>\n<p style=\"background: white; font-variant-ligatures: normal; font-variant-caps: normal; orphans: 2; text-align: start; white-space: pre-wrap; widows: 2; -webkit-text-stroke-width: 0px; text-decoration-style: initial; text-decoration-color: initial; word-spacing: 0px;\"><span style=\"font-family: 'Tahoma','sans-serif'; color: black;\">Meirelles tamb\u00e9m defendeu a opera\u00e7\u00e3o Lava Jato, dizendo que ela \u00e9 de extrema import\u00e2ncia para o combate \u00e0 corrup\u00e7\u00e3o. Reiterou, mais uma vez, ser contra a politiza\u00e7\u00e3o do Judici\u00e1rio.<\/span><\/p>\n<p style=\"background: white; font-variant-ligatures: normal; font-variant-caps: normal; orphans: 2; text-align: start; white-space: pre-wrap; widows: 2; -webkit-text-stroke-width: 0px; text-decoration-style: initial; text-decoration-color: initial; word-spacing: 0px;\"><span style=\"font-family: 'Tahoma','sans-serif'; color: black;\">\u201cEu defendo a independ\u00eancia do Judici\u00e1rio. Eu sou contra totalmente a politiza\u00e7\u00e3o da justi\u00e7a. Sou a favor da independ\u00eancia do Minist\u00e9rio P\u00fablico e quanto a isso, o Brasil pode ficar tranq\u00fcilo, no meu governo o Judici\u00e1rio vai ser\u00e1 prestigiado e ter\u00e1 for\u00e7as\u201d, completou.<\/span><\/p>\n<p style=\"background: white; font-variant-ligatures: normal; font-variant-caps: normal; orphans: 2; text-align: start; white-space: pre-wrap; widows: 2; -webkit-text-stroke-width: 0px; text-decoration-style: initial; text-decoration-color: initial; word-spacing: 0px;\"><span style=\"font-family: 'Tahoma','sans-serif'; color: black;\">Como prioridade, Meirelles disse que pretende, em seu governo, nomear uma equipe econ\u00f4mica de compet\u00eancia, e fazer as reformas tribut\u00e1ria e previd\u00eancia para o Brasil voltar a crescer.<\/span><\/p>\n","protected":false},"excerpt":{"rendered":"<p>Candidato do MDB \u00e0 Presid\u00eancia da Rep\u00fablica, Henrique Meirelles subiu o tom contra Fernando Haddad e disse nesta quarta-feira (19) que o candidato do PT apenas cumpre ordens do ex-presidente Lula. O ex-ministro classificou ainda a campanha do PT como &#8220;radical&#8221;. A declara\u00e7\u00e3o foi dada em entrevista no f\u00f3rum Amarelas, organizado pela Veja, em S\u00e3o [&hellip;]<\/p>\n","protected":false},"author":2,"featured_media":1382,"comment_status":"open","ping_status":"open","sticky":false,"template":"","format":"standard","meta":[],"categories":[2,6,4],"tags":[],"_links":{"self":[{"href":"https:\/\/dgospel.com.br\/portal\/index.php\/wp-json\/wp\/v2\/posts\/1381"}],"collection":[{"href":"https:\/\/dgospel.com.br\/portal\/index.php\/wp-json\/wp\/v2\/posts"}],"about":[{"href":"https:\/\/dgospel.com.br\/portal\/index.php\/wp-json\/wp\/v2\/types\/post"}],"author":[{"embeddable":true,"href":"https:\/\/dgospel.com.br\/portal\/index.php\/wp-json\/wp\/v2\/users\/2"}],"replies":[{"embeddable":true,"href":"https:\/\/dgospel.com.br\/portal\/index.php\/wp-json\/wp\/v2\/comments?post=1381"}],"version-history":[{"count":1,"href":"https:\/\/dgospel.com.br\/portal\/index.php\/wp-json\/wp\/v2\/posts\/1381\/revisions"}],"predecessor-version":[{"id":1383,"href":"https:\/\/dgospel.com.br\/portal\/index.php\/wp-json\/wp\/v2\/posts\/1381\/revisions\/1383"}],"wp:featuredmedia":[{"embeddable":true,"href":"https:\/\/dgospel.com.br\/portal\/index.php\/wp-json\/wp\/v2\/media\/1382"}],"wp:attachment":[{"href":"https:\/\/dgospel.com.br\/portal\/index.php\/wp-json\/wp\/v2\/media?parent=1381"}],"wp:term":[{"taxonomy":"category","embeddable":true,"href":"https:\/\/dgospel.com.br\/portal\/index.php\/wp-json\/wp\/v2\/categories?post=1381"},{"taxonomy":"post_tag","embeddable":true,"href":"https:\/\/dgospel.com.br\/portal\/index.php\/wp-json\/wp\/v2\/tags?post=1381"}],"curies":[{"name":"wp","href":"https:\/\/api.w.org\/{rel}","templated":true}]}}