{"id":13812,"date":"2022-12-08T22:35:09","date_gmt":"2022-12-09T01:35:09","guid":{"rendered":"http:\/\/dgospel.com.br\/portal\/?p=13812"},"modified":"2022-12-08T22:35:11","modified_gmt":"2022-12-09T01:35:11","slug":"general-paulo-chagas-quem-sabe-faz-a-hora-nao-espera-posse","status":"publish","type":"post","link":"https:\/\/dgospel.com.br\/portal\/index.php\/2022\/12\/08\/general-paulo-chagas-quem-sabe-faz-a-hora-nao-espera-posse\/","title":{"rendered":"General Paulo Chagas: Quem sabe faz a hora, n\u00e3o espera posse"},"content":{"rendered":"\n<p>O general da reserva Paulo Chagas fez uma publica\u00e7\u00e3o em seu perfil no Twitter, nesta quarta-feira (7), na qual instou o presidente&nbsp;<a href=\"http:\/\/pleno.news\/tag\/jair-bolsonaro\" target=\"_blank\" rel=\"noreferrer noopener\">Jair Bolsonaro<\/a>&nbsp;(PL) a tomar uma atitude sobre a elei\u00e7\u00e3o presidencial deste ano. Na postagem, Chagas pediu que Bolsonaro cobre do ministro Alexandre de Moraes, presidente do Tribunal Superior Eleitoral (<a href=\"http:\/\/pleno.news\/tag\/tse\" target=\"_blank\" rel=\"noreferrer noopener\">TSE<\/a>), o c\u00f3digo-fonte das urnas.<\/p>\n\n\n\n<p>\u2013 Presidente, capacidade + vontade = poder! D\u00e1 um prazo para o Alexandre de Moraes entregar o c\u00f3digo-fonte, se ele n\u00e3o entregar, vai l\u00e1 e toma! Como presidente voc\u00ea pode fazer isso, dentro das 4 linhas da CF\/88! Quem sabe faz a hora, n\u00e3o espera acontecer a posse do descondenado!! \u2013 escreveu Chagas.<\/p>\n\n\n\n<figure class=\"wp-block-image\"><img src=\"https:\/\/static.cdn.pleno.news\/2022\/12\/Screenshot_588.jpg\" alt=\"\" class=\"wp-image-1052450\"\/><figcaption>Tu\u00edte de Paulo Chagas sobre Bolsonaro&nbsp;Foto: Reprodu\u00e7\u00e3o\/Twitter<\/figcaption><\/figure>\n\n\n\n<p>Em outros dois tu\u00edtes publicados nesta quarta, o general tamb\u00e9m falou sobre Bolsonaro e sobre as elei\u00e7\u00f5es presidenciais. No primeiro deles, postado durante a manh\u00e3, Chagas falou que o chefe do Executivo estaria sendo tratado pela maioria dos brasileiros como uma \u201cv\u00edtima indefesa\u201d dos outros Poderes, mas que, como um \u201cpresidente da Rep\u00fablica honesto\u201d, ele jamais estaria indefeso.<\/p>\n\n\n\n<p>\u2013 Existem tr\u00eas poderes no Estado, Judici\u00e1rio, Legislativo e Executivo. A maioria dos brasileiros, n\u00e3o sem raz\u00e3o, se queixa dos dois primeiros e trata o terceiro como v\u00edtima indefesa! Um presidente da Rep\u00fablica honesto pode ser v\u00edtima, mas jamais estar\u00e1 indefeso! \u2013 escreveu.<\/p>\n\n\n\n<figure class=\"wp-block-image\"><img src=\"https:\/\/static.cdn.pleno.news\/2022\/12\/Screenshot_589.jpg\" alt=\"\" class=\"wp-image-1052449\"\/><figcaption>Tu\u00edte de Paulo Chagas sobre Bolsonaro&nbsp;Foto: Reprodu\u00e7\u00e3o\/Twitter<\/figcaption><\/figure>\n\n\n\n<p>Na outra postagem, j\u00e1 durante a noite de quarta, o general da reserva fez um questionamento sobre se houve ou n\u00e3o \u201cinser\u00e7\u00f5es maliciosas\u201d no c\u00f3digo-fonte das urnas.<\/p>\n\n\n\n<p>\u2013 O descondenado quer ser diplomado no dia 12 e Bolsonaro pode impedi-lo porque tem tanto poder quanto o TSE para exigir o cumprimento da CF\/88 e n\u00e3o pode perder tempo. O Brasil quer saber a verdade antes do final deste ano: houve ou n\u00e3o houve \u201cinser\u00e7\u00f5es maliciosas\u201d no c\u00f3digo-fonte da apura\u00e7\u00e3o? \u2013 questionou.<\/p>\n\n\n\n<figure class=\"wp-block-image\"><img src=\"https:\/\/static.cdn.pleno.news\/2022\/12\/Screenshot_590.jpg\" alt=\"\" class=\"wp-image-1052448\"\/><figcaption>Tu\u00edte de Paulo Chagas sobre Bolsonaro&nbsp;Foto: Reprodu\u00e7\u00e3o\/Twitter<\/figcaption><\/figure>\n","protected":false},"excerpt":{"rendered":"<p>O general da reserva Paulo Chagas fez uma publica\u00e7\u00e3o em seu perfil no Twitter, nesta quarta-feira (7), na qual instou o presidente&nbsp;Jair Bolsonaro&nbsp;(PL) a tomar uma atitude sobre a elei\u00e7\u00e3o presidencial deste ano. Na postagem, Chagas pediu que Bolsonaro cobre do ministro Alexandre de Moraes, presidente do Tribunal Superior Eleitoral (TSE), o c\u00f3digo-fonte das urnas. [&hellip;]<\/p>\n","protected":false},"author":2,"featured_media":13813,"comment_status":"open","ping_status":"open","sticky":false,"template":"","format":"standard","meta":[],"categories":[10],"tags":[],"_links":{"self":[{"href":"https:\/\/dgospel.com.br\/portal\/index.php\/wp-json\/wp\/v2\/posts\/13812"}],"collection":[{"href":"https:\/\/dgospel.com.br\/portal\/index.php\/wp-json\/wp\/v2\/posts"}],"about":[{"href":"https:\/\/dgospel.com.br\/portal\/index.php\/wp-json\/wp\/v2\/types\/post"}],"author":[{"embeddable":true,"href":"https:\/\/dgospel.com.br\/portal\/index.php\/wp-json\/wp\/v2\/users\/2"}],"replies":[{"embeddable":true,"href":"https:\/\/dgospel.com.br\/portal\/index.php\/wp-json\/wp\/v2\/comments?post=13812"}],"version-history":[{"count":1,"href":"https:\/\/dgospel.com.br\/portal\/index.php\/wp-json\/wp\/v2\/posts\/13812\/revisions"}],"predecessor-version":[{"id":13814,"href":"https:\/\/dgospel.com.br\/portal\/index.php\/wp-json\/wp\/v2\/posts\/13812\/revisions\/13814"}],"wp:featuredmedia":[{"embeddable":true,"href":"https:\/\/dgospel.com.br\/portal\/index.php\/wp-json\/wp\/v2\/media\/13813"}],"wp:attachment":[{"href":"https:\/\/dgospel.com.br\/portal\/index.php\/wp-json\/wp\/v2\/media?parent=13812"}],"wp:term":[{"taxonomy":"category","embeddable":true,"href":"https:\/\/dgospel.com.br\/portal\/index.php\/wp-json\/wp\/v2\/categories?post=13812"},{"taxonomy":"post_tag","embeddable":true,"href":"https:\/\/dgospel.com.br\/portal\/index.php\/wp-json\/wp\/v2\/tags?post=13812"}],"curies":[{"name":"wp","href":"https:\/\/api.w.org\/{rel}","templated":true}]}}