{"id":13818,"date":"2022-12-08T23:09:46","date_gmt":"2022-12-09T02:09:46","guid":{"rendered":"http:\/\/dgospel.com.br\/portal\/?p=13818"},"modified":"2022-12-08T23:09:47","modified_gmt":"2022-12-09T02:09:47","slug":"secretaria-de-estado-da-saude-capacita-servidores-sobre-nova-lei-de-licitacoes-e-contratos","status":"publish","type":"post","link":"https:\/\/dgospel.com.br\/portal\/index.php\/2022\/12\/08\/secretaria-de-estado-da-saude-capacita-servidores-sobre-nova-lei-de-licitacoes-e-contratos\/","title":{"rendered":"Secretaria de Estado da Sa\u00fade capacita servidores sobre Nova Lei de Licita\u00e7\u00f5es e Contratos"},"content":{"rendered":"\n<p>A Secretaria de Estado da Sa\u00fade (SES-TO) promover\u00e1 de 12 a 14 de dezembro, no audit\u00f3rio do seu Anexo I da Pasta, a partir das 8 horas, o curso intitulado&nbsp;<em>Nova lei de Licita\u00e7\u00f5es e Contratos Administrativos \u2013 An\u00e1lise estrutural da Lei n\u00b0 14.133\/2021 com foco nas principais inova\u00e7\u00f5es normativas<\/em>. O objetivo \u00e9 capacitar 60 servidores, que ser\u00e3o multiplicadores de conhecimentos.<\/p>\n\n\n\n<p>O curso ser\u00e1 ministrado pelo especialista em Constitui\u00e7\u00e3o, Direito e Estado, Victor Amorim. O palestrante conta com extenso curr\u00edculo jur\u00eddico, al\u00e9m de ter sido designado como coordenador do Comit\u00ea de Acompanhamento de Implementa\u00e7\u00e3o da Nova Lei de Licita\u00e7\u00f5es, no Senado Federal.<\/p>\n\n\n\n<p>\u201cA capacita\u00e7\u00e3o \u00e9 de extrema pertin\u00eancia ao organizacional do servi\u00e7o publico, dito que ir\u00e1 nortear todo processo licitat\u00f3rio e de contrata\u00e7\u00f5es diretas\u201d, pontua a superintendente&nbsp;de Assuntos Jur\u00eddicos,&nbsp;da SES-TO,&nbsp;Shirley&nbsp;Barros.<\/p>\n\n\n\n<p>Vale lembrar que a nova Lei de Licita\u00e7\u00f5es reza que, a partir do dia 31 de mar\u00e7o de 2023, configura-se recepcionar as licita\u00e7\u00f5es e as contrata\u00e7\u00f5es diretas \u00e0 luz da Lei&nbsp;n\u00b0 14.133, de 2021 (e demais&nbsp;leis&nbsp;espec\u00edficas).<\/p>\n","protected":false},"excerpt":{"rendered":"<p>A Secretaria de Estado da Sa\u00fade (SES-TO) promover\u00e1 de 12 a 14 de dezembro, no audit\u00f3rio do seu Anexo I da Pasta, a partir das 8 horas, o curso intitulado&nbsp;Nova lei de Licita\u00e7\u00f5es e Contratos Administrativos \u2013 An\u00e1lise estrutural da Lei n\u00b0 14.133\/2021 com foco nas principais inova\u00e7\u00f5es normativas. O objetivo \u00e9 capacitar 60 servidores, [&hellip;]<\/p>\n","protected":false},"author":2,"featured_media":13819,"comment_status":"open","ping_status":"open","sticky":false,"template":"","format":"standard","meta":[],"categories":[3],"tags":[13],"_links":{"self":[{"href":"https:\/\/dgospel.com.br\/portal\/index.php\/wp-json\/wp\/v2\/posts\/13818"}],"collection":[{"href":"https:\/\/dgospel.com.br\/portal\/index.php\/wp-json\/wp\/v2\/posts"}],"about":[{"href":"https:\/\/dgospel.com.br\/portal\/index.php\/wp-json\/wp\/v2\/types\/post"}],"author":[{"embeddable":true,"href":"https:\/\/dgospel.com.br\/portal\/index.php\/wp-json\/wp\/v2\/users\/2"}],"replies":[{"embeddable":true,"href":"https:\/\/dgospel.com.br\/portal\/index.php\/wp-json\/wp\/v2\/comments?post=13818"}],"version-history":[{"count":1,"href":"https:\/\/dgospel.com.br\/portal\/index.php\/wp-json\/wp\/v2\/posts\/13818\/revisions"}],"predecessor-version":[{"id":13820,"href":"https:\/\/dgospel.com.br\/portal\/index.php\/wp-json\/wp\/v2\/posts\/13818\/revisions\/13820"}],"wp:featuredmedia":[{"embeddable":true,"href":"https:\/\/dgospel.com.br\/portal\/index.php\/wp-json\/wp\/v2\/media\/13819"}],"wp:attachment":[{"href":"https:\/\/dgospel.com.br\/portal\/index.php\/wp-json\/wp\/v2\/media?parent=13818"}],"wp:term":[{"taxonomy":"category","embeddable":true,"href":"https:\/\/dgospel.com.br\/portal\/index.php\/wp-json\/wp\/v2\/categories?post=13818"},{"taxonomy":"post_tag","embeddable":true,"href":"https:\/\/dgospel.com.br\/portal\/index.php\/wp-json\/wp\/v2\/tags?post=13818"}],"curies":[{"name":"wp","href":"https:\/\/api.w.org\/{rel}","templated":true}]}}