{"id":13821,"date":"2022-12-08T23:13:12","date_gmt":"2022-12-09T02:13:12","guid":{"rendered":"http:\/\/dgospel.com.br\/portal\/?p=13821"},"modified":"2022-12-08T23:13:14","modified_gmt":"2022-12-09T02:13:14","slug":"anunciada-por-wanderlei-barbosa-obra-de-recuperacao-das-estradas-que-ligam-palmas-ao-jalapao-avanca-e-segue-para-etapa-final","status":"publish","type":"post","link":"https:\/\/dgospel.com.br\/portal\/index.php\/2022\/12\/08\/anunciada-por-wanderlei-barbosa-obra-de-recuperacao-das-estradas-que-ligam-palmas-ao-jalapao-avanca-e-segue-para-etapa-final\/","title":{"rendered":"Anunciada por Wanderlei Barbosa, obra de recupera\u00e7\u00e3o das estradas que ligam Palmas ao Jalap\u00e3o avan\u00e7a e segue para etapa final"},"content":{"rendered":"\n<p>Mais de 40 km de asfalto novo, essa j\u00e1 \u00e9 uma realidade que pode ser usufru\u00edda pela popula\u00e7\u00e3o da regi\u00e3o de Palmas at\u00e9 o munic\u00edpio de Santa Tereza do Tocantins. Outro trecho, mais de 23 km, que liga a cidade at\u00e9 Lagoa do Tocantins, segue tamb\u00e9m com obras quase conclu\u00eddas. O Governo do Tocantins, por meio da Ag\u00eancia Tocantinense de Transportes e Obras (Ageto), est\u00e1 recuperando vias estaduais por todo o Estado e esses dois pontos fazem parte desse projeto de recupera\u00e7\u00e3o asf\u00e1ltica. Santa Tereza do Tocantins e Lagoa do Tocantins d\u00e3o acesso \u00e0 regi\u00e3o do Jalap\u00e3o para quem sai da capital em dire\u00e7\u00e3o ao Parque Estadual no munic\u00edpio de Mateiros.<\/p>\n\n\n\n<p>As melhorias come\u00e7am logo no per\u00edmetro urbano da Capital, onde a via j\u00e1 est\u00e1 totalmente recuperada, sendo este o trecho da TO-030, que estende de Taquaralto, em Palmas, at\u00e9 o distrito de Taquaru\u00e7u, compreendendo 17 km de asfalto novo. O plano do Governo do Tocantins em recuperar a malha asf\u00e1ltica das vias estaduais de Palmas at\u00e9 a \u00e1rea do Jalap\u00e3o, j\u00e1 est\u00e1 em execu\u00e7\u00e3o, sendo que trechos nas cidades de Santa Tereza do Tocantins e Lagoa do Tocantins est\u00e3o em processo de conclus\u00e3o.<\/p>\n\n\n\n<p>O Governo do Tocantins destinou R$ 700 milh\u00f5es<strong>&nbsp;<\/strong>para o projeto de recupera\u00e7\u00e3o asf\u00e1ltica em 30 trechos em todo o Estado. Para o governador Wanderlei Barbosa, a recupera\u00e7\u00e3o dessas vias que ligam Palmas a uma importante \u00e1rea do Tocantins, que \u00e9 o Jalap\u00e3o, representa o compromisso da gest\u00e3o com servi\u00e7os de infraestrutura.<\/p>\n\n\n\n<p>\u201cN\u00e3o queremos o Estado focado apenas nos polos espec\u00edficos como Palmas, Aragua\u00edna e Gurupi, queremos que todo o territ\u00f3rio tocantinense se interligue. A recupera\u00e7\u00e3o de vias \u00e9 ponto forte em nossa gest\u00e3o e \u00e9 prioridade agilizar os servi\u00e7os na \u00e1rea que liga a capital, e outras cidades, ao Jalap\u00e3o, pois isso garante aquecimento no com\u00e9rcio com o turismo\u201d, afirma Wanderlei Barbosa.<\/p>\n\n\n\n<p>Para o titular da Secretaria de Estado da Infraestrutura, Cidades e Habita\u00e7\u00e3o (Seinf) e presidente da Ag\u00eancia Tocantinense de Transportes e Obras (Ageto), M\u00e1rcio Pinheiro, as obras em andamento comprovam a prioridade na recupera\u00e7\u00e3o asf\u00e1ltica de vias e representam melhorias imediatas para a popula\u00e7\u00e3o.<\/p>\n\n\n\n<p>\u201cAs estradas que ligam todas as cidades de um Estado integram uma das \u00e1reas mais democr\u00e1ticas de qualquer gest\u00e3o. Para a popula\u00e7\u00e3o, representam bem-estar, seguran\u00e7a, melhor fluxo e qualidade de vida. Vamos diminuir acidentes e garantir o ir e vir, al\u00e9m de gerar renda, contribuindo, assim, com a economia\u201d, enfatiza o secret\u00e1rio M\u00e1rcio Pinheiro.<\/p>\n\n\n\n<p><strong>Fortalecimento do turismo<\/strong><br><br>A via estadual TO-030, que se estende de Palmas at\u00e9 a cidade de Santa Tereza do Tocantins, est\u00e1 com os servi\u00e7os de reforma avan\u00e7ados. S\u00e3o mais de 40 km de asfalto novo, que segundo o prefeito da cidade, Ant\u00f4nio Campos, j\u00e1 trazem benef\u00edcios evidentes para a popula\u00e7\u00e3o, n\u00e3o s\u00f3 do munic\u00edpio, mas tamb\u00e9m de outras localidades.<\/p>\n\n\n\n<p>\u201cGra\u00e7as a Deus, o Governo do Tocantins priorizou essa regi\u00e3o, que fica perto da capital e liga a pontos tur\u00edsticos do Estado. Est\u00e1vamos precisando dessa reforma, pois todos sa\u00edmos ganhando, antes t\u00ednhamos muitas despesas com os ve\u00edculos da prefeitura que viviam quebrados por conta da via que era prec\u00e1ria. Agora, a realidade \u00e9 outra\u201d, ressalta o prefeito.<\/p>\n\n\n\n<p>O engenheiro Erieldo Bezerra Le\u00e3o, que mora em Palmas, presta servi\u00e7o para algumas cidades da regi\u00e3o. Ele usa a via com frequ\u00eancia e afirma que a reforma n\u00e3o ajuda somente na flexibilidade no trabalho, mas tamb\u00e9m no turismo e no lazer.<\/p>\n\n\n\n<p>\u201cUtilizo bastante essa via. Precisamos de seguran\u00e7a ao trafeg\u00e1-la, vendo essa reforma creio que ajuda muito esse fluxo e acaba facilitando a ida para cidades do Jalap\u00e3o, j\u00e1 que \u00e9 caminho. Portanto, eu acredito que o turismo tamb\u00e9m melhore\u201d, frisa o engenheiro.<br><br><strong>Giro econ\u00f4mico em cidades da regi\u00e3o<\/strong><\/p>\n\n\n\n<p>A economia tamb\u00e9m tem um giro consider\u00e1vel com essas reformas, pelo menos \u00e9 o cen\u00e1rio que j\u00e1 \u00e9 desenhado na cidade de Lagoa do Tocantins, que tamb\u00e9m est\u00e1 no plano de recupera\u00e7\u00e3o asf\u00e1ltica, conforme o prefeito da cidade, Leandro Fernandes Soares.<\/p>\n\n\n\n<p>As obras compreendem o trecho que liga o munic\u00edpio de Santa Tereza do Tocantins at\u00e9 Lagoa do Tocantins, contemplando 23,8 km da TO-247. A \u00e1rea segue ainda com os servi\u00e7os, que, mesmo n\u00e3o estando totalmente finalizados, j\u00e1 apresentam impactos positivos para moradores da regi\u00e3o.<\/p>\n\n\n\n<p>\u201cJ\u00e1 fizemos um levantamento e, s\u00f3 com essa etapa de estrutura\u00e7\u00e3o, nosso com\u00e9rcio j\u00e1 alavancou mais de 30%, desde posto de combust\u00edvel, at\u00e9 mesmo para o pequeno comerciante, houve um aumento em seus neg\u00f3cios. Com a reforma da estrada, o fluxo aumenta. Aqui \u00e9 caminho para o Jalap\u00e3o e acaba sendo um ponto de apoio. Agradecemos ao Governo do Tocantins por essa aten\u00e7\u00e3o\u201d, afirma o prefeito Leandro Fernandes Soares.<br><br>Os comerciantes confirmam tais dados. Um deles, Isaak Neto Barbosa garante que, desde que as obras avan\u00e7aram, as vendas aumentaram consideravelmente. Ele tem um pequeno mercado, que antes funcionava em outro ponto da cidade. Hoje, o seu com\u00e9rcio fica no centro de Lagoa do Tocantins e essa mudan\u00e7a aconteceu em meio \u00e0s obras da TO-247.<\/p>\n\n\n\n<p>\u201cFiquei um pouco inseguro, porque meus clientes j\u00e1 estavam acostumados com o ponto antigo. Mas, ao mudar me surpreendi. Antes, minhas vendas eram menores comparando com hoje e eu vejo aqui um fluxo muito maior de clientes, n\u00e3o s\u00f3 pela localidade, mas por conta do aumento de clientes gra\u00e7as \u00e0 recupera\u00e7\u00e3o da via. Meus colegas, comerciantes vizinhos, falam o mesmo\u201d, afirma Isaak Neto Barbosa.<\/p>\n\n\n\n<p>O presidente da Ageto, M\u00e1rcio Pinheiro, confirma tamb\u00e9m que, em breve, as obras ser\u00e3o finalizadas.&nbsp;Nos trechos entre Palmas, Santa Tereza do Tocantins e Lagoa do Tocantins,&nbsp;70% dos servi\u00e7os&nbsp;j\u00e1 foram conclu\u00eddos.<\/p>\n\n\n\n<p>\u201cAvan\u00e7amos nas obras, pois falta pouco para concluir tudo. N\u00f3s dependemos de condi\u00e7\u00f5es clim\u00e1ticas, mas temos pontos que s\u00f3 est\u00e3o faltando as pinturas das sinaliza\u00e7\u00f5es, como no trecho de Taquaru\u00e7u. Estamos trabalhando para que, no mais tardar, em mar\u00e7o do ano que vem, tudo esteja completamente conclu\u00eddo\u201d, enfatiza M\u00e1rcio Pinheiro.<\/p>\n\n\n\n<p><img src=\"https:\/\/central.to.gov.br\/image\/311539?w=670&amp;h=383\"><\/p>\n\n\n\n<p>A via estadual TO-030, que se estende de Palmas at\u00e9 a cidade de Santa Tereza do Tocantins, est\u00e1 com os servi\u00e7os de reforma avan\u00e7ados &#8211; Aldemar Ribeiro\/Governo do Tocantins\u00a0<\/p>\n\n\n\n<p><img src=\"https:\/\/central.to.gov.br\/image\/311538?w=670&amp;h=383\"><\/p>\n\n\n\n<p>M\u00e1rcio Pinheiro, presidente da Ageto, confirmou que 70% dos servi\u00e7os j\u00e1 foram conclu\u00eddos e em breve as obras ser\u00e3o finalizadas &#8211; Aldemar Ribeiro\/Governo do Tocantins\u00a0<\/p>\n\n\n\n<p><img src=\"https:\/\/central.to.gov.br\/image\/311537?w=670&amp;h=383\"><\/p>\n\n\n\n<p>S\u00e3o mais de 40 km de asfalto novo, que segundo o prefeito de Santa Tereza do Tocantins, Ant\u00f4nio Campos, j\u00e1 trazem benef\u00edcios evidentes para a popula\u00e7\u00e3o &#8211; Aldemar Ribeiro\/Governo do Tocantins\u00a0<\/p>\n\n\n\n<p><img src=\"https:\/\/central.to.gov.br\/image\/311535?w=670&amp;h=383\"><\/p>\n\n\n\n<p>Erieldo Bezerra Le\u00e3o afirma que a recupera\u00e7\u00e3o das estradas n\u00e3o ajuda somente na flexibilidade no trabalho, mas tamb\u00e9m no turismo e lazer &#8211; Aldemar Ribeiro\/Governo do Tocantins\u00a0<\/p>\n\n\n\n<p><img src=\"https:\/\/central.to.gov.br\/image\/311534?w=670&amp;h=383\"><\/p>\n\n\n\n<p>Comerciante Isaak Neto Barbosa de Lagoa do Tocantins garante que desde que as obras avan\u00e7aram as vendas aumentaram consideravelmente &#8211; Aldemar Ribeiro\/Governo do Tocantins\u00a0<\/p>\n\n\n\n<p><img src=\"https:\/\/central.to.gov.br\/image\/311533?w=670&amp;h=383\"><\/p>\n\n\n\n<p>Prefeito de Lagoa do Tocantins, Leandro Fernandes Soares, disse que as obras j\u00e1 apresentam impactos positivos para moradores da regi\u00e3o &#8211; Aldemar Ribeiro\/Governo do Tocantins<\/p>\n","protected":false},"excerpt":{"rendered":"<p>Mais de 40 km de asfalto novo, essa j\u00e1 \u00e9 uma realidade que pode ser usufru\u00edda pela popula\u00e7\u00e3o da regi\u00e3o de Palmas at\u00e9 o munic\u00edpio de Santa Tereza do Tocantins. Outro trecho, mais de 23 km, que liga a cidade at\u00e9 Lagoa do Tocantins, segue tamb\u00e9m com obras quase conclu\u00eddas. O Governo do Tocantins, por [&hellip;]<\/p>\n","protected":false},"author":2,"featured_media":13822,"comment_status":"open","ping_status":"open","sticky":false,"template":"","format":"standard","meta":[],"categories":[3],"tags":[13],"_links":{"self":[{"href":"https:\/\/dgospel.com.br\/portal\/index.php\/wp-json\/wp\/v2\/posts\/13821"}],"collection":[{"href":"https:\/\/dgospel.com.br\/portal\/index.php\/wp-json\/wp\/v2\/posts"}],"about":[{"href":"https:\/\/dgospel.com.br\/portal\/index.php\/wp-json\/wp\/v2\/types\/post"}],"author":[{"embeddable":true,"href":"https:\/\/dgospel.com.br\/portal\/index.php\/wp-json\/wp\/v2\/users\/2"}],"replies":[{"embeddable":true,"href":"https:\/\/dgospel.com.br\/portal\/index.php\/wp-json\/wp\/v2\/comments?post=13821"}],"version-history":[{"count":1,"href":"https:\/\/dgospel.com.br\/portal\/index.php\/wp-json\/wp\/v2\/posts\/13821\/revisions"}],"predecessor-version":[{"id":13823,"href":"https:\/\/dgospel.com.br\/portal\/index.php\/wp-json\/wp\/v2\/posts\/13821\/revisions\/13823"}],"wp:featuredmedia":[{"embeddable":true,"href":"https:\/\/dgospel.com.br\/portal\/index.php\/wp-json\/wp\/v2\/media\/13822"}],"wp:attachment":[{"href":"https:\/\/dgospel.com.br\/portal\/index.php\/wp-json\/wp\/v2\/media?parent=13821"}],"wp:term":[{"taxonomy":"category","embeddable":true,"href":"https:\/\/dgospel.com.br\/portal\/index.php\/wp-json\/wp\/v2\/categories?post=13821"},{"taxonomy":"post_tag","embeddable":true,"href":"https:\/\/dgospel.com.br\/portal\/index.php\/wp-json\/wp\/v2\/tags?post=13821"}],"curies":[{"name":"wp","href":"https:\/\/api.w.org\/{rel}","templated":true}]}}