{"id":13825,"date":"2022-12-09T09:57:42","date_gmt":"2022-12-09T12:57:42","guid":{"rendered":"http:\/\/dgospel.com.br\/portal\/?p=13825"},"modified":"2022-12-09T09:57:43","modified_gmt":"2022-12-09T12:57:43","slug":"bolsonaro-nomeia-14-militares-e-13-embaixadores-segundo-diario-oficial-da-uniao","status":"publish","type":"post","link":"https:\/\/dgospel.com.br\/portal\/index.php\/2022\/12\/09\/bolsonaro-nomeia-14-militares-e-13-embaixadores-segundo-diario-oficial-da-uniao\/","title":{"rendered":"Bolsonaro nomeia 14 militares e 13 embaixadores, segundo Di\u00e1rio Oficial da Uni\u00e3o"},"content":{"rendered":"\n<p>Nesta sexta-feira (9), o Di\u00e1rio Oficial da Uni\u00e3o divulgou a atribui\u00e7\u00e3o das novas fun\u00e7\u00f5es a 14 militares (vice-almirantes, brigadeiros e um general), assinadas pelo presidente da Rep\u00fablica, Jair Bolsonaro. Al\u00e9m da nomea\u00e7\u00e3o de 13 funcion\u00e1rios do Itamaraty para embaixadas e escrit\u00f3rios da Organiza\u00e7\u00e3o das Na\u00e7\u00f5es Unidas.<a rel=\"noreferrer noopener\" href=\"https:\/\/www.assembleia.pr.leg.br\/\" target=\"_blank\"><\/a><\/p>\n\n\n\n<p>O general de brigada Carlos Eduardo Barbosa da Costa, era adido do Departamento de Educa\u00e7\u00e3o e Cultura do Ex\u00e9rcito, agora passa a exercer o cargo de adido da Secretaria-Geral do Ex\u00e9rcito.<\/p>\n\n\n\n<p>Outro destaque foi a nomea\u00e7\u00e3o major brigadeiro Fl\u00e1vio Luiz de Oliveira Pinto, que assumir\u00e1 o cargo de diretor-geral da Secretaria da Junta Interamericana de Defesa, em Washington (EUA), com prazo de dois anos, a partir de 1\u00ba de julho de 2023 e ter\u00e1 como principal fun\u00e7\u00e3o \u201cprestar assessoramento t\u00e9cnico e consultivo \u00e0 Organiza\u00e7\u00e3o dos Estados Americanos (OEA) e a seus estados-membros em assuntos relacionados com temas militares e de defesa no hemisf\u00e9rio\u201d.<\/p>\n\n\n\n<p><\/p>\n\n\n\n<h1><\/h1>\n","protected":false},"excerpt":{"rendered":"<p>Nesta sexta-feira (9), o Di\u00e1rio Oficial da Uni\u00e3o divulgou a atribui\u00e7\u00e3o das novas fun\u00e7\u00f5es a 14 militares (vice-almirantes, brigadeiros e um general), assinadas pelo presidente da Rep\u00fablica, Jair Bolsonaro. Al\u00e9m da nomea\u00e7\u00e3o de 13 funcion\u00e1rios do Itamaraty para embaixadas e escrit\u00f3rios da Organiza\u00e7\u00e3o das Na\u00e7\u00f5es Unidas. O general de brigada Carlos Eduardo Barbosa da Costa, [&hellip;]<\/p>\n","protected":false},"author":2,"featured_media":13826,"comment_status":"open","ping_status":"open","sticky":false,"template":"","format":"standard","meta":[],"categories":[10],"tags":[13],"_links":{"self":[{"href":"https:\/\/dgospel.com.br\/portal\/index.php\/wp-json\/wp\/v2\/posts\/13825"}],"collection":[{"href":"https:\/\/dgospel.com.br\/portal\/index.php\/wp-json\/wp\/v2\/posts"}],"about":[{"href":"https:\/\/dgospel.com.br\/portal\/index.php\/wp-json\/wp\/v2\/types\/post"}],"author":[{"embeddable":true,"href":"https:\/\/dgospel.com.br\/portal\/index.php\/wp-json\/wp\/v2\/users\/2"}],"replies":[{"embeddable":true,"href":"https:\/\/dgospel.com.br\/portal\/index.php\/wp-json\/wp\/v2\/comments?post=13825"}],"version-history":[{"count":1,"href":"https:\/\/dgospel.com.br\/portal\/index.php\/wp-json\/wp\/v2\/posts\/13825\/revisions"}],"predecessor-version":[{"id":13827,"href":"https:\/\/dgospel.com.br\/portal\/index.php\/wp-json\/wp\/v2\/posts\/13825\/revisions\/13827"}],"wp:featuredmedia":[{"embeddable":true,"href":"https:\/\/dgospel.com.br\/portal\/index.php\/wp-json\/wp\/v2\/media\/13826"}],"wp:attachment":[{"href":"https:\/\/dgospel.com.br\/portal\/index.php\/wp-json\/wp\/v2\/media?parent=13825"}],"wp:term":[{"taxonomy":"category","embeddable":true,"href":"https:\/\/dgospel.com.br\/portal\/index.php\/wp-json\/wp\/v2\/categories?post=13825"},{"taxonomy":"post_tag","embeddable":true,"href":"https:\/\/dgospel.com.br\/portal\/index.php\/wp-json\/wp\/v2\/tags?post=13825"}],"curies":[{"name":"wp","href":"https:\/\/api.w.org\/{rel}","templated":true}]}}