{"id":13828,"date":"2022-12-09T09:59:25","date_gmt":"2022-12-09T12:59:25","guid":{"rendered":"http:\/\/dgospel.com.br\/portal\/?p=13828"},"modified":"2022-12-09T09:59:25","modified_gmt":"2022-12-09T12:59:25","slug":"a-mais-recente-tentativa-do-pt-para-tornar-bolsonaro-e-aliados-inelegiveis","status":"publish","type":"post","link":"https:\/\/dgospel.com.br\/portal\/index.php\/2022\/12\/09\/a-mais-recente-tentativa-do-pt-para-tornar-bolsonaro-e-aliados-inelegiveis\/","title":{"rendered":"A mais recente tentativa do PT para tornar Bolsonaro e aliados ineleg\u00edveis"},"content":{"rendered":"\n<p>O Partido dos Trabalhadores (PT) acionou o&nbsp;<a href=\"https:\/\/www.tse.jus.br\/\" target=\"_blank\" rel=\"noreferrer noopener\"><strong>Tribunal Superior Eleitoral (TSE)<\/strong><\/a>&nbsp;para tornar o presidente Jair Bolsonaro ineleg\u00edvel. Em duas a\u00e7\u00f5es enviadas ao TSE, a sigla argumentou que o presidente \u201catacou as urnas\u201d e cometeu \u201cabuso de poder em raz\u00e3o do pacote de bondades\u201d, durante a disputa eleitoral.<\/p>\n\n\n\n<p>A legenda tamb\u00e9m mirou a artilharia na dire\u00e7\u00e3o de aliados do chefe do Executivo, como o senador Fl\u00e1vio Bolsonaro (PL-RJ), o deputado Eduardo Bolsonaro (PL-SP), o ex-ministro Braga Netto (PL-MG) e mais cinco pessoas. Esses alvos teriam feito \u201cuso indevido\u201d das redes e abusado do poder pol\u00edtico.<\/p>\n\n\n\n<p>De acordo a den\u00fancia, todos os acusados \u201cpromoveram reiterados ataques ao sistema eleitoral com efeitos concretos de interven\u00e7\u00e3o na normalidade do transcurso das elei\u00e7\u00f5es\u201d. As a\u00e7\u00f5es foram assinadas pelos escrit\u00f3rios Arag\u00e3o &amp; Ferraro e Zanin Martins.<\/p>\n\n\n\n<p>\u201cO grave ataque \u00e0s bases democr\u00e1ticas do Brasil foram cirurgicamente desenhadas ao semear-se a tese conspiracionista de que as urnas eletr\u00f4nicas seriam fraudadas e, ainda que n\u00e3o fosse poss\u00edvel comprovar tal fraude, o sistema eleitoral como um todo seria fraudado pela suposta atua\u00e7\u00e3o parcial e n\u00e3o leg\u00edtima do Poder Judici\u00e1rio e demais autoridades em favor de Luiz In\u00e1cio Lula da Silva\u201d, sustentou o PT, na a\u00e7\u00e3o contra Bolsonaro e aliados.<\/p>\n\n\n\n<p>A coliga\u00e7\u00e3o pede ainda que as informa\u00e7\u00f5es sejam inclu\u00eddas nos inqu\u00e9ritos das&nbsp;<em>fake news<\/em>&nbsp;e das mil\u00edcias digitais, em tramita\u00e7\u00e3o no Supremo Tribunal Federal, sob relatoria do ministro Alexandre de Moraes.<\/p>\n\n\n\n<p>Em 2018, o PT acionou o TSE para cassar a chapa Bolsonaro-Mour\u00e3o por supostas&nbsp;<em>fake news<\/em>, durante as elei\u00e7\u00f5es. Tr\u00eas anos depois, por\u00e9m, a Corte rejeitou o processo. N\u00e3o se comprovou gravidade suficiente para cassar a chapa, em virtude das den\u00fancias do PT, com base em uma reportagem do jornal&nbsp;<em>Folha de S.Paulo.<\/em><\/p>\n","protected":false},"excerpt":{"rendered":"<p>O Partido dos Trabalhadores (PT) acionou o&nbsp;Tribunal Superior Eleitoral (TSE)&nbsp;para tornar o presidente Jair Bolsonaro ineleg\u00edvel. Em duas a\u00e7\u00f5es enviadas ao TSE, a sigla argumentou que o presidente \u201catacou as urnas\u201d e cometeu \u201cabuso de poder em raz\u00e3o do pacote de bondades\u201d, durante a disputa eleitoral. A legenda tamb\u00e9m mirou a artilharia na dire\u00e7\u00e3o de [&hellip;]<\/p>\n","protected":false},"author":2,"featured_media":13829,"comment_status":"open","ping_status":"open","sticky":false,"template":"","format":"standard","meta":[],"categories":[4],"tags":[13],"_links":{"self":[{"href":"https:\/\/dgospel.com.br\/portal\/index.php\/wp-json\/wp\/v2\/posts\/13828"}],"collection":[{"href":"https:\/\/dgospel.com.br\/portal\/index.php\/wp-json\/wp\/v2\/posts"}],"about":[{"href":"https:\/\/dgospel.com.br\/portal\/index.php\/wp-json\/wp\/v2\/types\/post"}],"author":[{"embeddable":true,"href":"https:\/\/dgospel.com.br\/portal\/index.php\/wp-json\/wp\/v2\/users\/2"}],"replies":[{"embeddable":true,"href":"https:\/\/dgospel.com.br\/portal\/index.php\/wp-json\/wp\/v2\/comments?post=13828"}],"version-history":[{"count":1,"href":"https:\/\/dgospel.com.br\/portal\/index.php\/wp-json\/wp\/v2\/posts\/13828\/revisions"}],"predecessor-version":[{"id":13830,"href":"https:\/\/dgospel.com.br\/portal\/index.php\/wp-json\/wp\/v2\/posts\/13828\/revisions\/13830"}],"wp:featuredmedia":[{"embeddable":true,"href":"https:\/\/dgospel.com.br\/portal\/index.php\/wp-json\/wp\/v2\/media\/13829"}],"wp:attachment":[{"href":"https:\/\/dgospel.com.br\/portal\/index.php\/wp-json\/wp\/v2\/media?parent=13828"}],"wp:term":[{"taxonomy":"category","embeddable":true,"href":"https:\/\/dgospel.com.br\/portal\/index.php\/wp-json\/wp\/v2\/categories?post=13828"},{"taxonomy":"post_tag","embeddable":true,"href":"https:\/\/dgospel.com.br\/portal\/index.php\/wp-json\/wp\/v2\/tags?post=13828"}],"curies":[{"name":"wp","href":"https:\/\/api.w.org\/{rel}","templated":true}]}}