{"id":13840,"date":"2022-12-09T18:25:31","date_gmt":"2022-12-09T21:25:31","guid":{"rendered":"http:\/\/dgospel.com.br\/portal\/?p=13840"},"modified":"2022-12-09T18:25:33","modified_gmt":"2022-12-09T21:25:33","slug":"bolsonaro-nada-esta-perdido-o-final-somente-com-a-morte","status":"publish","type":"post","link":"https:\/\/dgospel.com.br\/portal\/index.php\/2022\/12\/09\/bolsonaro-nada-esta-perdido-o-final-somente-com-a-morte\/","title":{"rendered":"Bolsonaro: \u201cNada est\u00e1 perdido. O final somente com a morte\u201d"},"content":{"rendered":"\n<p>O presidente Jair Bolsonaro (PL) quebrou o sil\u00eancio e falou pela primeira aos seus apoiadores desde o t\u00e9rmino das elei\u00e7\u00f5es presidenciais, em 30 de outubro. O chefe do Executivo discursou por quase 20 minutos a uma multid\u00e3o no Pal\u00e1cio da Alvorada, na tarde desta sexta-feira (9).<\/p>\n\n\n\n<p>Acompanhado do candidato a vice-presidente, o general da reserva Braga Netto, do ex-ministro do Turismo Gilson Machado e do jornalista Oswaldo Eust\u00e1quio, Bolsonaro declarou que ele \u201cdeve lealdade ao povo brasileiro\u201d.<\/p>\n\n\n\n<p>\u2013 Se estou aqui \u00e9 porque primeiro: acredito em Deus. Em segundo lugar porque devo lealdade ao povo brasileiro -disse.<\/p>\n\n\n\n<p>O presidente salientou que ao longo de seu governo foi despertado o patriotismo no Brasil.<\/p>\n\n\n\n<p>\u2013 O povo voltou a admirar a sua bandeira. O povo voltou a acreditar que o brasil tem jeito. N\u00e3o \u00e9 f\u00e1cil enfrentar todo um sistema -afirmou.<\/p>\n\n\n\n<p>Um dos temas principais do discurso do presidente foram as For\u00e7as Armadas.<\/p>\n\n\n\n<p>\u2013 A minha fun\u00e7\u00e3o garantida pela constitui\u00e7\u00e3o \u00e9 ser o chefe supremo das For\u00e7as Armadas. As For\u00e7as s\u00e3o essenciais em qualquer pa\u00eds do mundo, sai o ultimo obst\u00e1culo para o socialismo \u2013 disse.<\/p>\n\n\n\n<p>Bolsonaro procurou manter a esperan\u00e7a daqueles est\u00e3o em acampamentos nos QGs por mais de 30 dias, assegurando que \u201cnem tudo est\u00e1 perdido\u201d.<\/p>\n\n\n\n<p>\u2013 Nada est\u00e1 perdido. O final somente com a morte \u2013 declarou.<\/p>\n","protected":false},"excerpt":{"rendered":"<p>O presidente Jair Bolsonaro (PL) quebrou o sil\u00eancio e falou pela primeira aos seus apoiadores desde o t\u00e9rmino das elei\u00e7\u00f5es presidenciais, em 30 de outubro. O chefe do Executivo discursou por quase 20 minutos a uma multid\u00e3o no Pal\u00e1cio da Alvorada, na tarde desta sexta-feira (9). Acompanhado do candidato a vice-presidente, o general da reserva [&hellip;]<\/p>\n","protected":false},"author":2,"featured_media":13841,"comment_status":"open","ping_status":"open","sticky":false,"template":"","format":"standard","meta":[],"categories":[4],"tags":[],"_links":{"self":[{"href":"https:\/\/dgospel.com.br\/portal\/index.php\/wp-json\/wp\/v2\/posts\/13840"}],"collection":[{"href":"https:\/\/dgospel.com.br\/portal\/index.php\/wp-json\/wp\/v2\/posts"}],"about":[{"href":"https:\/\/dgospel.com.br\/portal\/index.php\/wp-json\/wp\/v2\/types\/post"}],"author":[{"embeddable":true,"href":"https:\/\/dgospel.com.br\/portal\/index.php\/wp-json\/wp\/v2\/users\/2"}],"replies":[{"embeddable":true,"href":"https:\/\/dgospel.com.br\/portal\/index.php\/wp-json\/wp\/v2\/comments?post=13840"}],"version-history":[{"count":1,"href":"https:\/\/dgospel.com.br\/portal\/index.php\/wp-json\/wp\/v2\/posts\/13840\/revisions"}],"predecessor-version":[{"id":13842,"href":"https:\/\/dgospel.com.br\/portal\/index.php\/wp-json\/wp\/v2\/posts\/13840\/revisions\/13842"}],"wp:featuredmedia":[{"embeddable":true,"href":"https:\/\/dgospel.com.br\/portal\/index.php\/wp-json\/wp\/v2\/media\/13841"}],"wp:attachment":[{"href":"https:\/\/dgospel.com.br\/portal\/index.php\/wp-json\/wp\/v2\/media?parent=13840"}],"wp:term":[{"taxonomy":"category","embeddable":true,"href":"https:\/\/dgospel.com.br\/portal\/index.php\/wp-json\/wp\/v2\/categories?post=13840"},{"taxonomy":"post_tag","embeddable":true,"href":"https:\/\/dgospel.com.br\/portal\/index.php\/wp-json\/wp\/v2\/tags?post=13840"}],"curies":[{"name":"wp","href":"https:\/\/api.w.org\/{rel}","templated":true}]}}