{"id":13843,"date":"2022-12-09T19:07:00","date_gmt":"2022-12-09T22:07:00","guid":{"rendered":"http:\/\/dgospel.com.br\/portal\/?p=13843"},"modified":"2022-12-09T19:07:02","modified_gmt":"2022-12-09T22:07:02","slug":"brasil-tem-a-sexta-menor-inflacao-entre-paises-do-g20","status":"publish","type":"post","link":"https:\/\/dgospel.com.br\/portal\/index.php\/2022\/12\/09\/brasil-tem-a-sexta-menor-inflacao-entre-paises-do-g20\/","title":{"rendered":"Brasil tem a sexta menor infla\u00e7\u00e3o entre pa\u00edses do G20"},"content":{"rendered":"\n<p>A ag\u00eancia classificadora<a href=\"https:\/\/www.austin.com.br\/\" target=\"_blank\" rel=\"noreferrer noopener\">&nbsp;<strong>Austin Rating<\/strong><\/a>&nbsp;informou que o Brasil tem a sexta menor infla\u00e7\u00e3o em 2022, num grupo de 22 integrantes do G20. O n\u00famero \u00e9 menor que o verificado em grandes pot\u00eancias mundiais, como Estados Unidos, Fran\u00e7a, Alemanha e Reino Unido.&nbsp;&nbsp;<\/p>\n\n\n\n<p>Nos \u00faltimos 12 meses, o \u00edndice brasileiro oficial de pre\u00e7os acumulou uma alta de 5,9%. O resultado \u00e9 abaixo dos 6,8% observados no ano anterior, segundo relat\u00f3rio divulgado nesta sexta-feira, 9, pelo&nbsp;<a href=\"https:\/\/www.ibge.gov.br\/indicadores#ipca\" target=\"_blank\" rel=\"noreferrer noopener\"><strong>Instituto Brasileiro de Geografia e Estat\u00edstica (IBGE)<\/strong><\/a>.&nbsp;&nbsp;<\/p>\n\n\n\n<p>O Brasil registrou defla\u00e7\u00e3o \u2014 queda de pre\u00e7os \u2014 por tr\u00eas meses seguidos, o que ajudou a segurar a alta do \u00cdndice de Pre\u00e7os ao Consumidor Amplo (IPCA), que mede a infla\u00e7\u00e3o oficial do pa\u00eds. Em julho, a taxa no acumulado do ano era de 5,5%. Recuou para pouco mais 4%, depois da sequ\u00eancia de resultados negativos.<\/p>\n\n\n\n<p>O cen\u00e1rio favor\u00e1vel do Brasil, em rela\u00e7\u00e3o a pa\u00edses desenvolvidos, surge em meio a recordes de infla\u00e7\u00e3o na Uni\u00e3o Europeia. Os efeitos da crise levaram os economistas a preverem que a Zona do Euro entrar\u00e1 em recess\u00e3o neste ano, enquanto as empresas t\u00eam mostrado sinais de pessimismo sobre as perspectivas.<\/p>\n\n\n\n<h2>Infla\u00e7\u00e3o desacelera<\/h2>\n\n\n\n<p>O m\u00eas de novembro registrou uma infla\u00e7\u00e3o de 0,41%, segundo o IPCA divulgado nesta sexta-feira. O resultado mostra uma desacelera\u00e7\u00e3o, em compara\u00e7\u00e3o com o n\u00famero registrado em outubro \u2014 o IPCA foi de 0,59%, e tamb\u00e9m foi menor do que as previs\u00f5es feitas no IPCA-15 para novembro, que registrou infla\u00e7\u00e3o de 0,53%.<\/p>\n\n\n\n<p>O maior impacto para o resultado foi no setor de transportes, que teve alta de 0,83%, em raz\u00e3o do pre\u00e7o dos combust\u00edveis. No geral, o aumento nos combust\u00edveis foi de 3,3%, ao contr\u00e1rio do que foi registrado em outubro. Em novembro, o etanol subiu 7,5%; a gasolina, 3%; o \u00f3leo diesel, 0,11%; e o g\u00e1s veicular (GNV) teve queda de 1,77%.<\/p>\n\n\n\n<p>Alimenta\u00e7\u00e3o e bebidas tiveram maior influ\u00eancia no \u00edndice, com alta de 0,5%. A cebola teve uma alta de 23%, e o tomate, de quase 16%. J\u00e1 o leite longa vida caiu pouco mais de 7%.<\/p>\n\n\n\n<p>Dos nove grupos de produtos e servi\u00e7os pesquisados, sete tiveram alta em novembro:<\/p>\n\n\n\n<ul><li>Vestu\u00e1rio: 1,1%<\/li><li>Transportes: 0,8%<\/li><li>Alimenta\u00e7\u00e3o e bebidas: 0,5%<\/li><li>Habita\u00e7\u00e3o: 0,5%<\/li><li>Despesas pessoais: 0,2%<\/li><li>Educa\u00e7\u00e3o: 0,02%<\/li><li>Sa\u00fade e cuidados pessoais: 0,02%<\/li><li>Comunica\u00e7\u00e3o: -0,14%<\/li><li>Artigos de resid\u00eancia: -0,7%<\/li><\/ul>\n","protected":false},"excerpt":{"rendered":"<p>A ag\u00eancia classificadora&nbsp;Austin Rating&nbsp;informou que o Brasil tem a sexta menor infla\u00e7\u00e3o em 2022, num grupo de 22 integrantes do G20. O n\u00famero \u00e9 menor que o verificado em grandes pot\u00eancias mundiais, como Estados Unidos, Fran\u00e7a, Alemanha e Reino Unido.&nbsp;&nbsp; Nos \u00faltimos 12 meses, o \u00edndice brasileiro oficial de pre\u00e7os acumulou uma alta de 5,9%. [&hellip;]<\/p>\n","protected":false},"author":2,"featured_media":13844,"comment_status":"open","ping_status":"open","sticky":false,"template":"","format":"standard","meta":[],"categories":[10],"tags":[13],"_links":{"self":[{"href":"https:\/\/dgospel.com.br\/portal\/index.php\/wp-json\/wp\/v2\/posts\/13843"}],"collection":[{"href":"https:\/\/dgospel.com.br\/portal\/index.php\/wp-json\/wp\/v2\/posts"}],"about":[{"href":"https:\/\/dgospel.com.br\/portal\/index.php\/wp-json\/wp\/v2\/types\/post"}],"author":[{"embeddable":true,"href":"https:\/\/dgospel.com.br\/portal\/index.php\/wp-json\/wp\/v2\/users\/2"}],"replies":[{"embeddable":true,"href":"https:\/\/dgospel.com.br\/portal\/index.php\/wp-json\/wp\/v2\/comments?post=13843"}],"version-history":[{"count":1,"href":"https:\/\/dgospel.com.br\/portal\/index.php\/wp-json\/wp\/v2\/posts\/13843\/revisions"}],"predecessor-version":[{"id":13845,"href":"https:\/\/dgospel.com.br\/portal\/index.php\/wp-json\/wp\/v2\/posts\/13843\/revisions\/13845"}],"wp:featuredmedia":[{"embeddable":true,"href":"https:\/\/dgospel.com.br\/portal\/index.php\/wp-json\/wp\/v2\/media\/13844"}],"wp:attachment":[{"href":"https:\/\/dgospel.com.br\/portal\/index.php\/wp-json\/wp\/v2\/media?parent=13843"}],"wp:term":[{"taxonomy":"category","embeddable":true,"href":"https:\/\/dgospel.com.br\/portal\/index.php\/wp-json\/wp\/v2\/categories?post=13843"},{"taxonomy":"post_tag","embeddable":true,"href":"https:\/\/dgospel.com.br\/portal\/index.php\/wp-json\/wp\/v2\/tags?post=13843"}],"curies":[{"name":"wp","href":"https:\/\/api.w.org\/{rel}","templated":true}]}}