{"id":1387,"date":"2018-09-20T13:19:09","date_gmt":"2018-09-20T16:19:09","guid":{"rendered":"http:\/\/dgospel.com.br\/portal\/?p=1387"},"modified":"2018-09-20T13:19:09","modified_gmt":"2018-09-20T16:19:09","slug":"amastha-diz-a-estudantes-que-educacao-e-gestao-competente-sao-armas-contra-a-corrupcao","status":"publish","type":"post","link":"https:\/\/dgospel.com.br\/portal\/index.php\/2018\/09\/20\/amastha-diz-a-estudantes-que-educacao-e-gestao-competente-sao-armas-contra-a-corrupcao\/","title":{"rendered":"Amastha diz a estudantes que educa\u00e7\u00e3o e gest\u00e3o competente s\u00e3o armas contra a corrup\u00e7\u00e3o"},"content":{"rendered":"<p>\u201cA nossa sociedade s\u00f3 vai mudar quando trabalharmos, atrav\u00e9s da educa\u00e7\u00e3o, os valores \u00e9ticos e morais. A corrup\u00e7\u00e3o \u00e9 end\u00eamica e piora quando temos gestores incompetentes\u201d, afirmou Carlos Amastha (PSB) nesta quarta-feira, 19, a estudantes durante o Encontro com a Juventude promovido pelo Col\u00e9gio Marista de Palmas com os candidatos a governador do Estado.<\/p>\n<p>Ainda respondendo \u00e0 pergunta sobre combate \u00e0 corrup\u00e7\u00e3o elaborada pelos alunos, Amastha lembrou que durante os cinco anos administrando Palmas sempre respeitou a coisa p\u00fablica. \u201cTenho orgulho de ser pol\u00edtico porque estamos resgatando o objetivo da pol\u00edtica, que \u00e9 mudar a vida das pessoas.\u201d<\/p>\n<p>Sobre o tratamento que dar\u00e1 \u00e0 educa\u00e7\u00e3o das comunidades ind\u00edgenas, Amastha afirmou que fez a educa\u00e7\u00e3o de Palmas ser refer\u00eancia para o Brasil. No Tocantins n\u00e3o falta dinheiro, falta compromisso, gest\u00e3o, planejamento e vergonha na cara. Em Palmas, 100% dos alunos da \u00e1rea rural est\u00e3o nas escolas de tempo integral\u201d, ressaltou Amastha, garantindo que a cultura ind\u00edgena tem que ter um tratamento diferenciado. \u201cCriamos, em 2015, os Jogos Mundiais dos Povos Ind\u00edgenas, maior evento esportivo do mundo. Resgatar e respeitar as nossa cultura garante o nosso futuro. N\u00e3o \u00e9 oportunismo, \u00e9 convic\u00e7\u00e3o.\u201d<\/p>\n<p>Sobre promo\u00e7\u00e3o de justi\u00e7a social, Amastha voltou a usar sua gest\u00e3o \u00e0 frente do munic\u00edpio. \u201cQuando fui prefeito de Palmas, cuidei da cidade inteira. Se voc\u00ea n\u00e3o traz justi\u00e7a social, a cidade n\u00e3o cresce. Com educa\u00e7\u00e3o e justi\u00e7a social podemos fazer o Tocantins se desenvolver por inteiro\u201d, ressaltou.<\/p>\n<p>&nbsp;<\/p>\n<p><b>*Meio ambiente \u00e9 desenvolvimento*<\/b><\/p>\n<p>&nbsp;<\/p>\n<p>\u201cTemos plano B pra tudo menos para o meio ambiente, que pode ser uma das maiores fontes de desenvolvimento. O Tocantins \u00e9 muito rico em biodiversidade. E n\u00f3s podemos aproveitar tudo isso\u201d, afirmou Amastha ao falar sobre fontes de desenvolvimento econ\u00f4mico. Ele lembrou que criou o Palmas Solar na Capital apostando na energia limpa para reduzis os custos das empresas e da popula\u00e7\u00e3o em geral com conta de energia. \u201cPrecisamos investir em ci\u00eancia, tecnologia e recursos naturais, fazendo do Tocantins um estado sustent\u00e1vel.\u201d<\/p>\n<p>&nbsp;<\/p>\n","protected":false},"excerpt":{"rendered":"<p>\u201cA nossa sociedade s\u00f3 vai mudar quando trabalharmos, atrav\u00e9s da educa\u00e7\u00e3o, os valores \u00e9ticos e morais. A corrup\u00e7\u00e3o \u00e9 end\u00eamica e piora quando temos gestores incompetentes\u201d, afirmou Carlos Amastha (PSB) nesta quarta-feira, 19, a estudantes durante o Encontro com a Juventude promovido pelo Col\u00e9gio Marista de Palmas com os candidatos a governador do Estado. Ainda [&hellip;]<\/p>\n","protected":false},"author":2,"featured_media":1388,"comment_status":"open","ping_status":"open","sticky":false,"template":"","format":"standard","meta":[],"categories":[2,6],"tags":[],"_links":{"self":[{"href":"https:\/\/dgospel.com.br\/portal\/index.php\/wp-json\/wp\/v2\/posts\/1387"}],"collection":[{"href":"https:\/\/dgospel.com.br\/portal\/index.php\/wp-json\/wp\/v2\/posts"}],"about":[{"href":"https:\/\/dgospel.com.br\/portal\/index.php\/wp-json\/wp\/v2\/types\/post"}],"author":[{"embeddable":true,"href":"https:\/\/dgospel.com.br\/portal\/index.php\/wp-json\/wp\/v2\/users\/2"}],"replies":[{"embeddable":true,"href":"https:\/\/dgospel.com.br\/portal\/index.php\/wp-json\/wp\/v2\/comments?post=1387"}],"version-history":[{"count":1,"href":"https:\/\/dgospel.com.br\/portal\/index.php\/wp-json\/wp\/v2\/posts\/1387\/revisions"}],"predecessor-version":[{"id":1389,"href":"https:\/\/dgospel.com.br\/portal\/index.php\/wp-json\/wp\/v2\/posts\/1387\/revisions\/1389"}],"wp:featuredmedia":[{"embeddable":true,"href":"https:\/\/dgospel.com.br\/portal\/index.php\/wp-json\/wp\/v2\/media\/1388"}],"wp:attachment":[{"href":"https:\/\/dgospel.com.br\/portal\/index.php\/wp-json\/wp\/v2\/media?parent=1387"}],"wp:term":[{"taxonomy":"category","embeddable":true,"href":"https:\/\/dgospel.com.br\/portal\/index.php\/wp-json\/wp\/v2\/categories?post=1387"},{"taxonomy":"post_tag","embeddable":true,"href":"https:\/\/dgospel.com.br\/portal\/index.php\/wp-json\/wp\/v2\/tags?post=1387"}],"curies":[{"name":"wp","href":"https:\/\/api.w.org\/{rel}","templated":true}]}}