{"id":13873,"date":"2022-12-13T15:29:37","date_gmt":"2022-12-13T18:29:37","guid":{"rendered":"http:\/\/dgospel.com.br\/portal\/?p=13873"},"modified":"2022-12-13T15:29:39","modified_gmt":"2022-12-13T18:29:39","slug":"eleitos-podem-ser-impugnados-mesmo-apos-a-diplomacao","status":"publish","type":"post","link":"https:\/\/dgospel.com.br\/portal\/index.php\/2022\/12\/13\/eleitos-podem-ser-impugnados-mesmo-apos-a-diplomacao\/","title":{"rendered":"Eleitos podem ser impugnados mesmo ap\u00f3s a diploma\u00e7\u00e3o"},"content":{"rendered":"\n<p>Mesmo ap\u00f3s serem diplomados, os pol\u00edticos eleitos ainda podem ter o mandato impugnado na&nbsp;<a href=\"http:\/\/pleno.news\/tag\/justica-eleitoral\" target=\"_blank\" rel=\"noreferrer noopener\">Justi\u00e7a Eleitoral<\/a>&nbsp;em um prazo de at\u00e9 15 dias ap\u00f3s a diploma\u00e7\u00e3o. Essa possibilidade est\u00e1 prevista na Constitui\u00e7\u00e3o Federal e pode ser realizada a partir do ajuizamento da chamada A\u00e7\u00e3o de Impugna\u00e7\u00e3o de Mandato Eletivo (Aime).<\/p>\n\n\n\n<p>De acordo com o par\u00e1grafo 10\u00b0 do artigo 14 da Constitui\u00e7\u00e3o, a a\u00e7\u00e3o que tiver como objetivo impugnar os diplomados ter\u00e1 que ser embasada em provas de abuso do poder econ\u00f4mico, corrup\u00e7\u00e3o ou fraude. Apesar de ter julgamento p\u00fablico, a a\u00e7\u00e3o tramitar\u00e1 em segredo de Justi\u00e7a e o autor poder\u00e1 ser punido caso o processo seja temer\u00e1rio (sem respaldo jur\u00eddico) ou de manifesta m\u00e1-f\u00e9.<\/p>\n\n\n\n<p>Al\u00e9m da Aime, outra ferramenta jur\u00eddica que tamb\u00e9m pode ser usada contra a diploma\u00e7\u00e3o \u00e9 o chamado Recurso Contra a Expedi\u00e7\u00e3o de Diploma (Rced), cujo prazo para a interposi\u00e7\u00e3o \u00e9 menor: tr\u00eas dias a contar da cerim\u00f4nia que diplomou os eleitos.<\/p>\n\n\n\n<p>Na pr\u00e1tica, de acordo com a Justi\u00e7a Eleitoral, a cerim\u00f4nia de diploma\u00e7\u00e3o formaliza o encerramento do processo eleitoral e \u00e9 o \u00faltimo ato antes de o candidato eleito tomar posse. No entanto, no caso da Aime, h\u00e1 jurisprud\u00eancia no Tribunal Superior Eleitoral (<a href=\"http:\/\/pleno.news\/tag\/tse\" target=\"_blank\" rel=\"noreferrer noopener\">TSE<\/a>) no sentido de que a decis\u00e3o tomada na a\u00e7\u00e3o tenha efeito imediato, ou seja, passe a valer logo ap\u00f3s seu julgamento.<\/p>\n\n\n\n<p>Com isso, na pr\u00e1tica, a declara\u00e7\u00e3o de proced\u00eancia desse tipo de a\u00e7\u00e3o poderia fazer com que, por exemplo, um pol\u00edtico eleito n\u00e3o assumisse a vaga para a qual foi escolhido. Ao contr\u00e1rio da Aime, o deferimento de um Rced, por outro lado, n\u00e3o impede que, de imediato, o pol\u00edtico assuma a vaga para a qual foi eleito.<\/p>\n\n\n\n<p>A iniciativa, em todos os casos, pode ser dos partidos, coliga\u00e7\u00f5es, candidatos e Minist\u00e9rio P\u00fablico. Sendo procedente tanto o Rced quanto a Aime, a Justi\u00e7a pode, de acordo com o caso concreto, declarar a inelegibilidade do representado e, ainda, cassar o registro ou diploma do candidato.<\/p>\n\n\n\n<p>Antes da diploma\u00e7\u00e3o, h\u00e1 ainda a possibilidade de se ajuizar a A\u00e7\u00e3o de Investiga\u00e7\u00e3o Judicial Eleitoral (Aije). Essa ferramenta jur\u00eddica \u00e9 utilizada durante o processo eleitoral e se aplica para impedir e apurar a pr\u00e1tica de atos que possam afetar a igualdade de disputa entre candidatos em uma elei\u00e7\u00e3o. Condenado na Aije, o pol\u00edtico pode ficar ineleg\u00edvel.<\/p>\n","protected":false},"excerpt":{"rendered":"<p>Mesmo ap\u00f3s serem diplomados, os pol\u00edticos eleitos ainda podem ter o mandato impugnado na&nbsp;Justi\u00e7a Eleitoral&nbsp;em um prazo de at\u00e9 15 dias ap\u00f3s a diploma\u00e7\u00e3o. Essa possibilidade est\u00e1 prevista na Constitui\u00e7\u00e3o Federal e pode ser realizada a partir do ajuizamento da chamada A\u00e7\u00e3o de Impugna\u00e7\u00e3o de Mandato Eletivo (Aime). De acordo com o par\u00e1grafo 10\u00b0 do [&hellip;]<\/p>\n","protected":false},"author":2,"featured_media":13874,"comment_status":"open","ping_status":"open","sticky":false,"template":"","format":"standard","meta":[],"categories":[4],"tags":[],"_links":{"self":[{"href":"https:\/\/dgospel.com.br\/portal\/index.php\/wp-json\/wp\/v2\/posts\/13873"}],"collection":[{"href":"https:\/\/dgospel.com.br\/portal\/index.php\/wp-json\/wp\/v2\/posts"}],"about":[{"href":"https:\/\/dgospel.com.br\/portal\/index.php\/wp-json\/wp\/v2\/types\/post"}],"author":[{"embeddable":true,"href":"https:\/\/dgospel.com.br\/portal\/index.php\/wp-json\/wp\/v2\/users\/2"}],"replies":[{"embeddable":true,"href":"https:\/\/dgospel.com.br\/portal\/index.php\/wp-json\/wp\/v2\/comments?post=13873"}],"version-history":[{"count":1,"href":"https:\/\/dgospel.com.br\/portal\/index.php\/wp-json\/wp\/v2\/posts\/13873\/revisions"}],"predecessor-version":[{"id":13875,"href":"https:\/\/dgospel.com.br\/portal\/index.php\/wp-json\/wp\/v2\/posts\/13873\/revisions\/13875"}],"wp:featuredmedia":[{"embeddable":true,"href":"https:\/\/dgospel.com.br\/portal\/index.php\/wp-json\/wp\/v2\/media\/13874"}],"wp:attachment":[{"href":"https:\/\/dgospel.com.br\/portal\/index.php\/wp-json\/wp\/v2\/media?parent=13873"}],"wp:term":[{"taxonomy":"category","embeddable":true,"href":"https:\/\/dgospel.com.br\/portal\/index.php\/wp-json\/wp\/v2\/categories?post=13873"},{"taxonomy":"post_tag","embeddable":true,"href":"https:\/\/dgospel.com.br\/portal\/index.php\/wp-json\/wp\/v2\/tags?post=13873"}],"curies":[{"name":"wp","href":"https:\/\/api.w.org\/{rel}","templated":true}]}}