{"id":13876,"date":"2022-12-13T15:33:59","date_gmt":"2022-12-13T18:33:59","guid":{"rendered":"http:\/\/dgospel.com.br\/portal\/?p=13876"},"modified":"2022-12-13T15:34:00","modified_gmt":"2022-12-13T18:34:00","slug":"saiba-quem-sao-os-relatores-dos-processos-contra-moraes-no-stm","status":"publish","type":"post","link":"https:\/\/dgospel.com.br\/portal\/index.php\/2022\/12\/13\/saiba-quem-sao-os-relatores-dos-processos-contra-moraes-no-stm\/","title":{"rendered":"Saiba quem s\u00e3o os relatores dos processos contra Moraes no STM"},"content":{"rendered":"\n<p>Ao menos tr\u00eas processos tramitam atualmente no Superior Tribunal Militar (<a href=\"http:\/\/pleno.news\/tag\/stm\" target=\"_blank\" rel=\"noreferrer noopener\">STM<\/a>) contra o ministro&nbsp;<a href=\"http:\/\/pleno.news\/tag\/alexandre-de-moraes\" target=\"_blank\" rel=\"noreferrer noopener\">Alexandre de Moraes<\/a>, do Supremo Tribunal Federal (STF). As a\u00e7\u00f5es foram ajuizadas na Corte pelo ex-juiz do Tribunal de Justi\u00e7a do Amap\u00e1 (TJAP) Wilson Issao Koressawa, que tamb\u00e9m \u00e9 promotor aposentado do Minist\u00e9rio P\u00fablico do Distrito Federal e Territ\u00f3rios (MPDFT).<\/p>\n\n\n\n<p>Os processos que est\u00e3o andamento no STM est\u00e3o nas m\u00e3os de tr\u00eas ministros diferentes, sendo um deles um magistrado togado \u2013 oriundo da advocacia -, e os outros, dois militares: um da Aeron\u00e1utica e um da Marinha.<\/p>\n\n\n\n<p><strong>Confira um resumo sobre quem s\u00e3o cada um dos relatores:<br><\/strong>A primeira a\u00e7\u00e3o ajuizada por Koressawa na Corte, no dia 5 de dezembro, foi uma representa\u00e7\u00e3o criminal, com pedido de pris\u00e3o preventiva contra Moraes, que est\u00e1 sob responsabilidade do ministro Artur Vidigal de Oliveira. Oriundo dos quadros da advocacia, Vidigal ingressou no STM em 2010 por indica\u00e7\u00e3o do ent\u00e3o presidente Lula. Antes, ele atuava como consultor na Advocacia-Geral da Uni\u00e3o (AGU) na gest\u00e3o do petista.<\/p>\n\n\n\n<p>O segundo processo protocolado no Tribunal contra Moraes, ajuizado no dia 6 de dezembro, est\u00e1 nas m\u00e3os do ministro Claudio Portugal de Viveiros, militar da Marinha. Almirante de esquadra, Viveiros tomou posse em agosto de 2021 ap\u00f3s ser indicado pelo presidente Jair Bolsonaro. O ministro come\u00e7ou a carreira na Marinha em 1975.<\/p>\n\n\n\n<p>Por fim, o processo mais recente a ser ajuizado no STM, nesta segunda-feira (12), est\u00e1 sob responsabilidade do ministro Carlos Augusto Amaral Oliveira, que atua na Corte desde 2020. Tamb\u00e9m indicado por Bolsonaro, Oliveira \u00e9 tenente-brigadeiro do ar. O militar da Aeron\u00e1utica tamb\u00e9m \u00e9 bacharel em Direito pela Universidade de Bras\u00edlia (UnB).<\/p>\n","protected":false},"excerpt":{"rendered":"<p>Ao menos tr\u00eas processos tramitam atualmente no Superior Tribunal Militar (STM) contra o ministro&nbsp;Alexandre de Moraes, do Supremo Tribunal Federal (STF). As a\u00e7\u00f5es foram ajuizadas na Corte pelo ex-juiz do Tribunal de Justi\u00e7a do Amap\u00e1 (TJAP) Wilson Issao Koressawa, que tamb\u00e9m \u00e9 promotor aposentado do Minist\u00e9rio P\u00fablico do Distrito Federal e Territ\u00f3rios (MPDFT). Os processos [&hellip;]<\/p>\n","protected":false},"author":2,"featured_media":13877,"comment_status":"open","ping_status":"open","sticky":false,"template":"","format":"standard","meta":[],"categories":[10],"tags":[],"_links":{"self":[{"href":"https:\/\/dgospel.com.br\/portal\/index.php\/wp-json\/wp\/v2\/posts\/13876"}],"collection":[{"href":"https:\/\/dgospel.com.br\/portal\/index.php\/wp-json\/wp\/v2\/posts"}],"about":[{"href":"https:\/\/dgospel.com.br\/portal\/index.php\/wp-json\/wp\/v2\/types\/post"}],"author":[{"embeddable":true,"href":"https:\/\/dgospel.com.br\/portal\/index.php\/wp-json\/wp\/v2\/users\/2"}],"replies":[{"embeddable":true,"href":"https:\/\/dgospel.com.br\/portal\/index.php\/wp-json\/wp\/v2\/comments?post=13876"}],"version-history":[{"count":1,"href":"https:\/\/dgospel.com.br\/portal\/index.php\/wp-json\/wp\/v2\/posts\/13876\/revisions"}],"predecessor-version":[{"id":13878,"href":"https:\/\/dgospel.com.br\/portal\/index.php\/wp-json\/wp\/v2\/posts\/13876\/revisions\/13878"}],"wp:featuredmedia":[{"embeddable":true,"href":"https:\/\/dgospel.com.br\/portal\/index.php\/wp-json\/wp\/v2\/media\/13877"}],"wp:attachment":[{"href":"https:\/\/dgospel.com.br\/portal\/index.php\/wp-json\/wp\/v2\/media?parent=13876"}],"wp:term":[{"taxonomy":"category","embeddable":true,"href":"https:\/\/dgospel.com.br\/portal\/index.php\/wp-json\/wp\/v2\/categories?post=13876"},{"taxonomy":"post_tag","embeddable":true,"href":"https:\/\/dgospel.com.br\/portal\/index.php\/wp-json\/wp\/v2\/tags?post=13876"}],"curies":[{"name":"wp","href":"https:\/\/api.w.org\/{rel}","templated":true}]}}