{"id":13879,"date":"2022-12-13T15:42:38","date_gmt":"2022-12-13T18:42:38","guid":{"rendered":"http:\/\/dgospel.com.br\/portal\/?p=13879"},"modified":"2022-12-13T15:42:39","modified_gmt":"2022-12-13T18:42:39","slug":"atos-de-vandalismo-registrados-em-brasilia-eram-da-esquerda-diz-deputado","status":"publish","type":"post","link":"https:\/\/dgospel.com.br\/portal\/index.php\/2022\/12\/13\/atos-de-vandalismo-registrados-em-brasilia-eram-da-esquerda-diz-deputado\/","title":{"rendered":"Atos de vandalismo registrados em Bras\u00edlia eram da esquerda, diz deputado"},"content":{"rendered":"\n<p>Nesta ter\u00e7a-feira (13), o deputado federal Bibo Nunes (PL-RS) usou as redes sociais para se manifestar a respeito dos atos de vandalismo registrados em Bras\u00edlia na noite de segunda-feira. O parlamentar publicou um v\u00eddeo e disse que os protestos em quest\u00e3o n\u00e3o foram de apoiadores do presidente Jair Bolsonaro (PL).<\/p>\n\n\n\n<p>No v\u00eddeo apontado por Nunes, pessoas estariam gritando \u201cfora Bolsonaro\u201d. Segundo ele, a esquerda radical estaria querendo culpar direitistas patriotas.<\/p>\n\n\n\n<p>\u2013 Essa \u00e9 a esquerda radical querendo culpar direitistas patriotas. Mas n\u00e3o vamos aceitar essa acusa\u00e7\u00e3o e temos como provar o que falamos. Nas minhas redes sociais, publiquei o v\u00eddeo que comprova isso \u2013 escreveu, no Twitter.<\/p>\n\n\n\n<figure class=\"wp-block-image\"><img src=\"https:\/\/static.cdn.pleno.news\/2022\/12\/Screenshot-1-3.png\" alt=\"\" class=\"wp-image-1055000\"\/><\/figure>\n","protected":false},"excerpt":{"rendered":"<p>Nesta ter\u00e7a-feira (13), o deputado federal Bibo Nunes (PL-RS) usou as redes sociais para se manifestar a respeito dos atos de vandalismo registrados em Bras\u00edlia na noite de segunda-feira. O parlamentar publicou um v\u00eddeo e disse que os protestos em quest\u00e3o n\u00e3o foram de apoiadores do presidente Jair Bolsonaro (PL). No v\u00eddeo apontado por Nunes, [&hellip;]<\/p>\n","protected":false},"author":2,"featured_media":13880,"comment_status":"open","ping_status":"open","sticky":false,"template":"","format":"standard","meta":[],"categories":[8],"tags":[],"_links":{"self":[{"href":"https:\/\/dgospel.com.br\/portal\/index.php\/wp-json\/wp\/v2\/posts\/13879"}],"collection":[{"href":"https:\/\/dgospel.com.br\/portal\/index.php\/wp-json\/wp\/v2\/posts"}],"about":[{"href":"https:\/\/dgospel.com.br\/portal\/index.php\/wp-json\/wp\/v2\/types\/post"}],"author":[{"embeddable":true,"href":"https:\/\/dgospel.com.br\/portal\/index.php\/wp-json\/wp\/v2\/users\/2"}],"replies":[{"embeddable":true,"href":"https:\/\/dgospel.com.br\/portal\/index.php\/wp-json\/wp\/v2\/comments?post=13879"}],"version-history":[{"count":1,"href":"https:\/\/dgospel.com.br\/portal\/index.php\/wp-json\/wp\/v2\/posts\/13879\/revisions"}],"predecessor-version":[{"id":13881,"href":"https:\/\/dgospel.com.br\/portal\/index.php\/wp-json\/wp\/v2\/posts\/13879\/revisions\/13881"}],"wp:featuredmedia":[{"embeddable":true,"href":"https:\/\/dgospel.com.br\/portal\/index.php\/wp-json\/wp\/v2\/media\/13880"}],"wp:attachment":[{"href":"https:\/\/dgospel.com.br\/portal\/index.php\/wp-json\/wp\/v2\/media?parent=13879"}],"wp:term":[{"taxonomy":"category","embeddable":true,"href":"https:\/\/dgospel.com.br\/portal\/index.php\/wp-json\/wp\/v2\/categories?post=13879"},{"taxonomy":"post_tag","embeddable":true,"href":"https:\/\/dgospel.com.br\/portal\/index.php\/wp-json\/wp\/v2\/tags?post=13879"}],"curies":[{"name":"wp","href":"https:\/\/api.w.org\/{rel}","templated":true}]}}